{"id":400778,"date":"2016-06-01T07:00:00","date_gmt":"2016-06-01T13:00:00","guid":{"rendered":"http:\/\/www.futboltotal.com.mx\/?p=400778"},"modified":"2016-06-02T09:09:15","modified_gmt":"2016-06-02T15:09:15","slug":"top-5-los-mejores-goles-luis-garcia-postigo","status":"publish","type":"post","link":"http:\/\/desarrollo.grupomedios.com\/futbol\/videos\/top-5-los-mejores-goles-luis-garcia-postigo\/2016\/06","title":{"rendered":"Los mejores goles de Luis Garc\u00eda"},"content":{"rendered":"<p>Este 1 de junio, <strong>Luis Garc\u00eda Postigo<\/strong>, uno de los futbolistas mexicanos m\u00e1s sobresalientes que hayan surgido de Pumas, cumple 47 a\u00f1os, y para celebrar al tambi\u00e9n comentarista, compartimos cinco inolvidables goles del <em>Ni\u00f1o Artillero<\/em>.<\/p>\n<p style=\"text-align: center;\"><span style=\"color: #3366ff;\"><strong><a style=\"color: #3366ff;\" href=\"http:\/\/www.futboltotal.com.mx\/2016\/04\/luis-garcia-compra-equipo-en-estados-unidos\/\" target=\"_blank\">LEER M\u00c1S: Luis Garc\u00eda compra equipo de futbol<\/a><\/strong><\/span><\/p>\n<p><span style=\"color: #ff0000;\"><strong>VIDEO: Top 5 | Mejores goles de Luis Garc\u00eda Postigo<\/strong><\/span><\/p>\n<p>[video_player]https:\/\/player.vimeo.com\/external\/168850796.hd.mp4?s=6753dd4c1f2f7cc72e7547428bb04423149d4ea4&amp;profile_id=174[\/video_player]<\/p>\n","protected":false},"excerpt":{"rendered":"<p>Celebramos al Ni\u00f1o Artillero en su cumplea\u00f1os<\/p>\n","protected":false},"author":20,"featured_media":400780,"comment_status":"closed","ping_status":"closed","sticky":false,"template":"","format":"standard","meta":[],"categories":[2198,3847,6381,4],"tags":[6965,6241],"_links":{"self":[{"href":"http:\/\/desarrollo.grupomedios.com\/futbol\/wp-json\/wp\/v2\/posts\/400778"}],"collection":[{"href":"http:\/\/desarrollo.grupomedios.com\/futbol\/wp-json\/wp\/v2\/posts"}],"about":[{"href":"http:\/\/desarrollo.grupomedios.com\/futbol\/wp-json\/wp\/v2\/types\/post"}],"author":[{"embeddable":true,"href":"http:\/\/desarrollo.grupomedios.com\/futbol\/wp-json\/wp\/v2\/users\/20"}],"replies":[{"embeddable":true,"href":"http:\/\/desarrollo.grupomedios.com\/futbol\/wp-json\/wp\/v2\/comments?post=400778"}],"version-history":[{"count":0,"href":"http:\/\/desarrollo.grupomedios.com\/futbol\/wp-json\/wp\/v2\/posts\/400778\/revisions"}],"wp:featuredmedia":[{"embeddable":true,"href":"http:\/\/desarrollo.grupomedios.com\/futbol\/wp-json\/wp\/v2\/media\/400780"}],"wp:attachment":[{"href":"http:\/\/desarrollo.grupomedios.com\/futbol\/wp-json\/wp\/v2\/media?parent=400778"}],"wp:term":[{"taxonomy":"category","embeddable":true,"href":"http:\/\/desarrollo.grupomedios.com\/futbol\/wp-json\/wp\/v2\/categories?post=400778"},{"taxonomy":"post_tag","embeddable":true,"href":"http:\/\/desarrollo.grupomedios.com\/futbol\/wp-json\/wp\/v2\/tags?post=400778"}],"curies":[{"name":"wp","href":"https:\/\/api.w.org\/{rel}","templated":true}]}}