{"id":400798,"date":"2016-05-31T16:29:58","date_gmt":"2016-05-31T22:29:58","guid":{"rendered":"http:\/\/www.futboltotal.com.mx\/?p=400798"},"modified":"2016-05-31T20:50:32","modified_gmt":"2016-06-01T02:50:32","slug":"atletico-de-madrid-interesado-en-edinson-cavani","status":"publish","type":"post","link":"http:\/\/desarrollo.grupomedios.com\/futbol\/futbol-internacional\/atletico-de-madrid-interesado-en-edinson-cavani\/2016\/05","title":{"rendered":"El Atl\u00e9tico de Madrid interesado en Edinson Cavani"},"content":{"rendered":"<p>Apenas termin\u00f3 la temporada y el <strong>Atl\u00e9tico de Madrid<\/strong> ya est\u00e1 buscando delantero, as\u00ed lo dejo saber el uruguayo del Paris Saint Germain <strong>Edinson Cavani<\/strong> en conferencia de prensa.<\/p>\n<p>&#8220;El <strong>Atl\u00e9tico<\/strong> es un equipo competitivo que ha demostrado ese inter\u00e9s por m\u00ed y eso me da mucha alegr\u00eda porque es lindo cuando los equipos demuestran inter\u00e9s&#8221;, confes\u00f3 el atacante uruguayo.<\/p>\n<p>A pesar de que se siente halagado por el club, el jugador del PSG se nego a tener alg\u00fan acercamiento con los\u00a0<em>Colchoneros<\/em>, pues asegur\u00f3 que todav\u00eda tiene contrato con el club franc\u00e9s.<\/p>\n<p>&#8220;Lo ha demostrado el Presidente del <strong>Atl\u00e9tico<\/strong>, el entrenador, y lo ha demostrado Diego God\u00edn. Despu\u00e9s, que las cosas vayan m\u00e1s all\u00e1, eso uno nunca sabe. Mi realidad es otra, soy jugador del PSG y tengo que respetar a ese club hasta el \u00faltimo d\u00eda que me ponga la camiseta&#8221;, dijo.<\/p>\n<p style=\"text-align: center;\"><span style=\"color: #3366ff;\"><a style=\"color: #3366ff;\" href=\"http:\/\/www.futboltotal.com.mx\/2016\/05\/osorio-sin-once-definido-copa-america\/\" target=\"_blank\">LEER M\u00c1S: Juan Carlos Osorio, sin un once definido<\/a><\/span><\/p>\n<p>Adem\u00e1s, <strong>Cavani<\/strong> hablo sobre las constantes pl\u00e0ticas que tiene con sus compa\u00f1eros de la\u00a0<em>Celeste<\/em> por lo que considera que era imposible no tocar el tema, como sucedi\u00f3 con God\u00edn.<\/p>\n<p>&#8220;Es inevitable a veces tambi\u00e9n hablar del inter\u00e9s que puede tener el club. Porque \u00e9l (God\u00edn), estando ah\u00ed adentro, es normal que se lo puedan preguntar, que le consulten cosas sobre m\u00ed. Me lo ha hecho saber&#8221;, apunt\u00f3.<\/p>\n<p>El\u00a0<em>Matador\u00a0<\/em>se perfila como el atacante principal para el pr\u00f3ximo domingo en el duelo frente a M\u00e9xico, esto debido a la lesi\u00f3n de su compa\u00f1ero Luis Su\u00e1rez.<\/p>\n<p><iframe loading=\"lazy\" src=\"https:\/\/www.youtube.com\/embed\/eCofCgqsfq4\" frameborder=\"0\" allowfullscreen=\"allowfullscreen\"><\/iframe><\/p>\n","protected":false},"excerpt":{"rendered":"<p>El delantero se siente halagado por el inter\u00e9s Colchonero<\/p>\n","protected":false},"author":20,"featured_media":400805,"comment_status":"closed","ping_status":"closed","sticky":false,"template":"","format":"standard","meta":[],"categories":[3839,3844],"tags":[6007,6037,503],"_links":{"self":[{"href":"http:\/\/desarrollo.grupomedios.com\/futbol\/wp-json\/wp\/v2\/posts\/400798"}],"collection":[{"href":"http:\/\/desarrollo.grupomedios.com\/futbol\/wp-json\/wp\/v2\/posts"}],"about":[{"href":"http:\/\/desarrollo.grupomedios.com\/futbol\/wp-json\/wp\/v2\/types\/post"}],"author":[{"embeddable":true,"href":"http:\/\/desarrollo.grupomedios.com\/futbol\/wp-json\/wp\/v2\/users\/20"}],"replies":[{"embeddable":true,"href":"http:\/\/desarrollo.grupomedios.com\/futbol\/wp-json\/wp\/v2\/comments?post=400798"}],"version-history":[{"count":0,"href":"http:\/\/desarrollo.grupomedios.com\/futbol\/wp-json\/wp\/v2\/posts\/400798\/revisions"}],"wp:featuredmedia":[{"embeddable":true,"href":"http:\/\/desarrollo.grupomedios.com\/futbol\/wp-json\/wp\/v2\/media\/400805"}],"wp:attachment":[{"href":"http:\/\/desarrollo.grupomedios.com\/futbol\/wp-json\/wp\/v2\/media?parent=400798"}],"wp:term":[{"taxonomy":"category","embeddable":true,"href":"http:\/\/desarrollo.grupomedios.com\/futbol\/wp-json\/wp\/v2\/categories?post=400798"},{"taxonomy":"post_tag","embeddable":true,"href":"http:\/\/desarrollo.grupomedios.com\/futbol\/wp-json\/wp\/v2\/tags?post=400798"}],"curies":[{"name":"wp","href":"https:\/\/api.w.org\/{rel}","templated":true}]}}