{"id":400921,"date":"2016-06-01T12:35:26","date_gmt":"2016-06-01T18:35:26","guid":{"rendered":"http:\/\/www.futboltotal.com.mx\/?p=400921"},"modified":"2016-06-01T12:39:11","modified_gmt":"2016-06-01T18:39:11","slug":"seleccion-alemana-va-lo-alto-en-la-eurocopa","status":"publish","type":"post","link":"http:\/\/desarrollo.grupomedios.com\/futbol\/futbol-internacional\/seleccion-alemana-va-lo-alto-en-la-eurocopa\/2016\/06","title":{"rendered":"Selecci\u00f3n Alemana, por lo m\u00e1s alto en la Eurocopa"},"content":{"rendered":"<p>A una semana del inicio de la <strong><a href=\"http:\/\/www.futboltotal.com.mx\/eurocopa-2016\/\" target=\"_blank\">Eurocopa 2016<\/a><\/strong>, la <strong>Selecci\u00f3n Alemana<\/strong> ya est\u00e1 lista para el certamen y busca conseguir el t\u00edtulo con sus grandes jugadores. Por ello\u00a0Mesut \u00d6zil, Thomas M\u00fcller, Mats Hummels, Manuel Neuer y Bastian Schweinsteiger, recibieron una sorpresa de la marca <strong><em>Adidas<\/em><\/strong>\u00a0en su campamento de entrenamiento en Suiza.<\/p>\n<p><img decoding=\"async\" loading=\"lazy\" class=\"alignnone size-full wp-image-400936\" src=\"http:\/\/www.futboltotal.com.mx\/wp-content\/uploads\/2016\/06\/adidas-volador.jpg\" alt=\"adidas-volador\" srcset=\"http:\/\/desarrollo.grupomedios.com\/futbol\/wp-content\/uploads\/2016\/06\/adidas-volador.jpg 858w, http:\/\/desarrollo.grupomedios.com\/futbol\/wp-content\/uploads\/2016\/06\/adidas-volador-300x151.jpg 300w, http:\/\/desarrollo.grupomedios.com\/futbol\/wp-content\/uploads\/2016\/06\/adidas-volador-768x386.jpg 768w\" sizes=\"(max-width: 858px) 100vw, 858px\" \/><\/p>\n<p>A 3 mil metros sobre el campo, un equipo de paracaidistas descendi\u00f3 a una velocidad de 300km\/h para entregar personalmente a cada jugador los nuevos tacos de la nueva l\u00ednea <strong><em>Mercury Pack<\/em><\/strong>\u00a0de <strong><em>Adidas<\/em><\/strong><em>,<\/em><strong><em>\u00a0<\/em><\/strong>inspirada en los trofeos que los futbolistas buscan conquistar en los torneos m\u00e1s importantes de este verano.<\/p>\n<p>&nbsp;<\/p>\n<p><img decoding=\"async\" loading=\"lazy\" class=\"alignnone size-full wp-image-400946\" src=\"http:\/\/www.futboltotal.com.mx\/wp-content\/uploads\/2016\/06\/tenis-adidas.jpg\" alt=\"tenis-adidas\" srcset=\"http:\/\/desarrollo.grupomedios.com\/futbol\/wp-content\/uploads\/2016\/06\/tenis-adidas.jpg 858w, http:\/\/desarrollo.grupomedios.com\/futbol\/wp-content\/uploads\/2016\/06\/tenis-adidas-300x151.jpg 300w, http:\/\/desarrollo.grupomedios.com\/futbol\/wp-content\/uploads\/2016\/06\/tenis-adidas-768x386.jpg 768w\" sizes=\"(max-width: 858px) 100vw, 858px\" \/><\/p>\n<p>Thomas M\u00fcller estar\u00e1 usando los X 16+ PURECHAOS, al igual que Bastian Schweinsteiger. Mesut \u00d6zil controlar\u00e1 el juego con los ACE 16+ PURECONTROL, mientras\u00a0que Mats Hummels y Manuel Neuer demostrar\u00e1n sus habilidades con los ACE 16+.<\/p>\n<p><iframe loading=\"lazy\" src=\"https:\/\/www.youtube.com\/embed\/J3HqZpf-IjQ\" frameborder=\"0\" allowfullscreen=\"allowfullscreen\"><\/iframe><\/p>\n","protected":false},"excerpt":{"rendered":"<p>La marca que los viste busca llevarlos a lo m\u00e1s alto<\/p>\n","protected":false},"author":20,"featured_media":400937,"comment_status":"closed","ping_status":"closed","sticky":false,"template":"","format":"standard","meta":[],"categories":[6995,3839,5951,7001],"tags":[1560,6000,5537],"_links":{"self":[{"href":"http:\/\/desarrollo.grupomedios.com\/futbol\/wp-json\/wp\/v2\/posts\/400921"}],"collection":[{"href":"http:\/\/desarrollo.grupomedios.com\/futbol\/wp-json\/wp\/v2\/posts"}],"about":[{"href":"http:\/\/desarrollo.grupomedios.com\/futbol\/wp-json\/wp\/v2\/types\/post"}],"author":[{"embeddable":true,"href":"http:\/\/desarrollo.grupomedios.com\/futbol\/wp-json\/wp\/v2\/users\/20"}],"replies":[{"embeddable":true,"href":"http:\/\/desarrollo.grupomedios.com\/futbol\/wp-json\/wp\/v2\/comments?post=400921"}],"version-history":[{"count":0,"href":"http:\/\/desarrollo.grupomedios.com\/futbol\/wp-json\/wp\/v2\/posts\/400921\/revisions"}],"wp:featuredmedia":[{"embeddable":true,"href":"http:\/\/desarrollo.grupomedios.com\/futbol\/wp-json\/wp\/v2\/media\/400937"}],"wp:attachment":[{"href":"http:\/\/desarrollo.grupomedios.com\/futbol\/wp-json\/wp\/v2\/media?parent=400921"}],"wp:term":[{"taxonomy":"category","embeddable":true,"href":"http:\/\/desarrollo.grupomedios.com\/futbol\/wp-json\/wp\/v2\/categories?post=400921"},{"taxonomy":"post_tag","embeddable":true,"href":"http:\/\/desarrollo.grupomedios.com\/futbol\/wp-json\/wp\/v2\/tags?post=400921"}],"curies":[{"name":"wp","href":"https:\/\/api.w.org\/{rel}","templated":true}]}}