{"id":400963,"date":"2016-06-01T13:36:36","date_gmt":"2016-06-01T19:36:36","guid":{"rendered":"http:\/\/www.futboltotal.com.mx\/?p=400963"},"modified":"2016-06-01T13:38:41","modified_gmt":"2016-06-01T19:38:41","slug":"mexicanos-del-porto-ya-entrenador","status":"publish","type":"post","link":"http:\/\/desarrollo.grupomedios.com\/futbol\/futbol-internacional\/mexicanos-del-porto-ya-entrenador\/2016\/06","title":{"rendered":"Mexicanos del Porto ya tienen nuevo Director T\u00e9cnico"},"content":{"rendered":"<p>La legi\u00f3n de jugadores mexicanos en el <strong>Porto<\/strong>, ya tiene nuevo <strong>entrenador<\/strong> para la pr\u00f3xima temporada. Tras el interinato de Jos\u00e9 Peseiro, la Directiva anunci\u00f3 la llegada del nuevo timonel Nuno Esp\u00edrito Santo, con quien buscan retomar el protagonismo en Portugal.<\/p>\n<blockquote class=\"twitter-tweet\" data-lang=\"es\">\n<p dir=\"ltr\" lang=\"pt\">Bem-vindo a casa!<br \/>\nWelcome home!<br \/>\nBienvenido a casa!<a href=\"https:\/\/twitter.com\/hashtag\/FCPorto?src=hash\">#FCPorto<\/a> <a href=\"https:\/\/t.co\/ELxSPjDKkk\">pic.twitter.com\/ELxSPjDKkk<\/a><\/p>\n<p>\u2014 FC Porto (@FCPorto) <a href=\"https:\/\/twitter.com\/FCPorto\/status\/738069526122778624\">1 de junio de 2016<\/a><\/p><\/blockquote>\n<p><script src=\"\/\/platform.twitter.com\/widgets.js\" async=\"\" charset=\"utf-8\"><\/script><\/p>\n<p>El t\u00e9cnico portugu\u00e9s viene co un poco cartel, pero como la mayor\u00eda de los t\u00e9cnicos del <strong>Porto<\/strong>, los dirigentes conf\u00edan en que el t\u00e9cnico tiene la posibilidad regresar el t\u00edtulo a manos de los\u00a0<em>Dragones.\u00a0<\/em><\/p>\n<p>El \u00faltimo equipo al que dirigi\u00f3 Nuno fue al Valencia en el 2015, en donde no consigui\u00f3 los resultados que le ped\u00edan y tuvo que salir del club. Adem\u00e1s de los\u00a0<em>Naranjeros,\u00a0<\/em>tambi\u00e9n entren\u00f3 al R\u00edo Ave de la Liga Portuguesa.<\/p>\n<p style=\"text-align: center;\"><span style=\"color: #3366ff;\">LEER M\u00c1S:\u00a0<a style=\"color: #3366ff;\" href=\"http:\/\/www.futboltotal.com.mx\/2016\/06\/real-madrid-dejo-estrella-a-chicharito\/\">Real Madrid no dej\u00f3 ser estrella a Chicharito<\/a><\/span><\/p>\n<p>Con la nueva designaci\u00f3n del Porto, los <strong>mexicanos Miguel Lay\u00fan, Jes\u00fas Corona, Omar Govea, Ra\u00fal Gudi\u00f1o <\/strong>y<strong> H\u00e9ctor Herrera<\/strong>&#8211; <a href=\"http:\/\/www.futboltotal.com.mx\/2016\/06\/cinco-millones-separan-a-herrera-del-napoli\/\" target=\"_blank\">si no sale al Napoli<\/a>&#8211; se pondr\u00e1n a los servicios del entrenador en el pr\u00f3ximo verano para buscar un lugar en el equipo titular.<\/p>\n","protected":false},"excerpt":{"rendered":"<p>El ex de Valencia estar\u00e1 a cargo de los Dragones<\/p>\n","protected":false},"author":20,"featured_media":400969,"comment_status":"closed","ping_status":"closed","sticky":false,"template":"","format":"standard","meta":[],"categories":[3839,6718,5951],"tags":[5995,1035,7141,1208,6045],"_links":{"self":[{"href":"http:\/\/desarrollo.grupomedios.com\/futbol\/wp-json\/wp\/v2\/posts\/400963"}],"collection":[{"href":"http:\/\/desarrollo.grupomedios.com\/futbol\/wp-json\/wp\/v2\/posts"}],"about":[{"href":"http:\/\/desarrollo.grupomedios.com\/futbol\/wp-json\/wp\/v2\/types\/post"}],"author":[{"embeddable":true,"href":"http:\/\/desarrollo.grupomedios.com\/futbol\/wp-json\/wp\/v2\/users\/20"}],"replies":[{"embeddable":true,"href":"http:\/\/desarrollo.grupomedios.com\/futbol\/wp-json\/wp\/v2\/comments?post=400963"}],"version-history":[{"count":0,"href":"http:\/\/desarrollo.grupomedios.com\/futbol\/wp-json\/wp\/v2\/posts\/400963\/revisions"}],"wp:featuredmedia":[{"embeddable":true,"href":"http:\/\/desarrollo.grupomedios.com\/futbol\/wp-json\/wp\/v2\/media\/400969"}],"wp:attachment":[{"href":"http:\/\/desarrollo.grupomedios.com\/futbol\/wp-json\/wp\/v2\/media?parent=400963"}],"wp:term":[{"taxonomy":"category","embeddable":true,"href":"http:\/\/desarrollo.grupomedios.com\/futbol\/wp-json\/wp\/v2\/categories?post=400963"},{"taxonomy":"post_tag","embeddable":true,"href":"http:\/\/desarrollo.grupomedios.com\/futbol\/wp-json\/wp\/v2\/tags?post=400963"}],"curies":[{"name":"wp","href":"https:\/\/api.w.org\/{rel}","templated":true}]}}