{"id":400978,"date":"2016-06-01T14:39:01","date_gmt":"2016-06-01T20:39:01","guid":{"rendered":"http:\/\/www.futboltotal.com.mx\/?p=400978"},"modified":"2016-06-01T16:49:48","modified_gmt":"2016-06-01T22:49:48","slug":"la-real-condiciona-continuidad-de-vela","status":"publish","type":"post","link":"http:\/\/desarrollo.grupomedios.com\/futbol\/destacado-home\/la-real-condiciona-continuidad-de-vela\/2016\/06","title":{"rendered":"Condicionan continuidad de Vela en la Real"},"content":{"rendered":"<p>El entrenador de la <strong>Real Sociedad<\/strong>, <strong>Eusebio Sacrist\u00e1n<\/strong>, afirm\u00f3 que tuvo una &#8220;conversaci\u00f3n al final de la temporada&#8221; con el delantero <strong>Carlos Vela<\/strong> para hablar sobre su continuidad en el club, la cual condicion\u00f3 pidiendo al mexicano convencimiento y\u00a0compromiso total para dar lo mejor.<\/p>\n<p>&#8220;Quedamos en darnos un tiempo, que todav\u00eda est\u00e1 abierto, para tomar una decisi\u00f3n sobre su continuidad. Y todo va a depender de \u00e9l, de que realmente adquiera el compromiso y tenga el convencimiento de darnos lo mejor&#8221;, declar\u00f3 Sacrist\u00e1n en entrevista para el diario espa\u00f1ol <em>AS.<\/em><\/p>\n<p>Las palabras del estratega se dan d\u00edas despu\u00e9s de que el agente del <em>Bombardero<\/em>, Eduardo Hern\u00e1ndez, afirmara que el mexicano se encuentra &#8220;muy feliz y en la mejor disposici\u00f3n de seguir en San Sebasti\u00e1n&#8221;.<\/p>\n<p style=\"text-align: center;\"><span style=\"color: #3366ff;\"><strong><a style=\"color: #3366ff;\" href=\"http:\/\/www.futboltotal.com.mx\/futbol-internacional\/mexicanos-en-europa\/\">LEER M\u00c1S: Todas las noticias de mexicanos en Europa<\/a><\/strong><\/span><\/p>\n<p>El timonel asegur\u00f3 que <strong>Vela <\/strong>deber\u00e1 estar &#8220;ilusionado y convencido de dar los mejores a\u00f1os de su carrera en la Real&#8221;. &#8220;S\u00ed lo hace \u00a0no hay duda de que ser\u00eda el mejor fichaje para nosotros para la pr\u00f3xima temporada&#8221;, agreg\u00f3 el timonel, quien record\u00f3 que el <em>Bombardero, &#8220;<\/em>cuando lo ha demostrado, ha sido un lujo para el equipo&#8221;.<\/p>\n<p>Prueba de ello es que ha sido capaz de poner a so\u00f1ar al club con disputar la Liga de Campeones, tal y como lo hizo en la campa\u00f1a 2013-14 cuando se despach\u00f3 con un doblete en los <em>play-offs<\/em> ante el Lyon y acab\u00f3 el curso con 21 goles, su a\u00f1o m\u00e1s goleador por Europa.<\/p>\n<p>&#8220;Vela tiene que reafirmarse en el convencimiento de que quiere estar en la Real, seguir feliz e ilusionado en la Real&#8221;, indic\u00f3 Sacrist\u00e1n, quien enfatiz\u00f3 que est\u00e1 a la espera de que &#8220;Carlos demuestre que ese convencimiento sea absoluto. Necesita tiempo de tranquilidad y de reflexionar desde la distancia para que pueda estar con nosotros de la mejor forma&#8221;.<\/p>\n<p>&nbsp;<\/p>\n","protected":false},"excerpt":{"rendered":"<p>&#8220;Si Vela tiene compromiso ser\u00e1 el mejor fichaje del equipo&#8221;, dijo el DT de la Real <\/p>\n","protected":false},"author":20,"featured_media":400997,"comment_status":"closed","ping_status":"closed","sticky":false,"template":"","format":"standard","meta":[],"categories":[5,3839,6718],"tags":[6048,4545],"_links":{"self":[{"href":"http:\/\/desarrollo.grupomedios.com\/futbol\/wp-json\/wp\/v2\/posts\/400978"}],"collection":[{"href":"http:\/\/desarrollo.grupomedios.com\/futbol\/wp-json\/wp\/v2\/posts"}],"about":[{"href":"http:\/\/desarrollo.grupomedios.com\/futbol\/wp-json\/wp\/v2\/types\/post"}],"author":[{"embeddable":true,"href":"http:\/\/desarrollo.grupomedios.com\/futbol\/wp-json\/wp\/v2\/users\/20"}],"replies":[{"embeddable":true,"href":"http:\/\/desarrollo.grupomedios.com\/futbol\/wp-json\/wp\/v2\/comments?post=400978"}],"version-history":[{"count":0,"href":"http:\/\/desarrollo.grupomedios.com\/futbol\/wp-json\/wp\/v2\/posts\/400978\/revisions"}],"wp:featuredmedia":[{"embeddable":true,"href":"http:\/\/desarrollo.grupomedios.com\/futbol\/wp-json\/wp\/v2\/media\/400997"}],"wp:attachment":[{"href":"http:\/\/desarrollo.grupomedios.com\/futbol\/wp-json\/wp\/v2\/media?parent=400978"}],"wp:term":[{"taxonomy":"category","embeddable":true,"href":"http:\/\/desarrollo.grupomedios.com\/futbol\/wp-json\/wp\/v2\/categories?post=400978"},{"taxonomy":"post_tag","embeddable":true,"href":"http:\/\/desarrollo.grupomedios.com\/futbol\/wp-json\/wp\/v2\/tags?post=400978"}],"curies":[{"name":"wp","href":"https:\/\/api.w.org\/{rel}","templated":true}]}}