{"id":401035,"date":"2016-06-01T15:51:56","date_gmt":"2016-06-01T21:51:56","guid":{"rendered":"http:\/\/www.futboltotal.com.mx\/?p=401035"},"modified":"2016-06-01T15:51:56","modified_gmt":"2016-06-01T21:51:56","slug":"neymar-disfruta-del-besbol-los-mets-nueva-york","status":"publish","type":"post","link":"http:\/\/desarrollo.grupomedios.com\/futbol\/videos\/neymar-disfruta-del-besbol-los-mets-nueva-york\/2016\/06","title":{"rendered":"Neymar disfruta del b\u00e9isbol con los Mets de Nueva York"},"content":{"rendered":"<p>El jugador del Barcelona <strong>Neymar Jr<\/strong>. disfruta de las vacaciones que tiene por su participaci\u00f3n con Brasil en los pr\u00f3ximos Juegos Ol\u00edmpicos de agosto y no perdi\u00f3 la oportunidad de pasar a disfrutar un poco del <strong>b\u00e9isbol<\/strong> en la ciudad de Nueva York.<\/p>\n<p>Despu\u00e9s de que estuviera disfrutando en Ibiza con sus amigos, el astro brasile\u00f1o decidi\u00f3 dar un paseo por tierras estadounidenses y visit\u00f3 el esatadio de los <strong>Mets<\/strong>, lugar donde prob\u00f3 el bateo y disfrut\u00f3 del bal\u00f3n antes de que comenzar\u00e1 el partido de los locales ante los Chicago <em>White Sox<\/em>.<\/p>\n<p><iframe loading=\"lazy\" src=\"https:\/\/www.youtube.com\/embed\/V7o7Xu9tl_M\" frameborder=\"0\" allowfullscreen=\"allowfullscreen\"><\/iframe><\/p>\n","protected":false},"excerpt":{"rendered":"<p>El delantero del Barcelona disfruta de sus vacaciones en Nueva York<\/p>\n","protected":false},"author":20,"featured_media":401040,"comment_status":"closed","ping_status":"closed","sticky":false,"template":"","format":"standard","meta":[],"categories":[3839,4],"tags":[6009,7143,6001],"_links":{"self":[{"href":"http:\/\/desarrollo.grupomedios.com\/futbol\/wp-json\/wp\/v2\/posts\/401035"}],"collection":[{"href":"http:\/\/desarrollo.grupomedios.com\/futbol\/wp-json\/wp\/v2\/posts"}],"about":[{"href":"http:\/\/desarrollo.grupomedios.com\/futbol\/wp-json\/wp\/v2\/types\/post"}],"author":[{"embeddable":true,"href":"http:\/\/desarrollo.grupomedios.com\/futbol\/wp-json\/wp\/v2\/users\/20"}],"replies":[{"embeddable":true,"href":"http:\/\/desarrollo.grupomedios.com\/futbol\/wp-json\/wp\/v2\/comments?post=401035"}],"version-history":[{"count":0,"href":"http:\/\/desarrollo.grupomedios.com\/futbol\/wp-json\/wp\/v2\/posts\/401035\/revisions"}],"wp:featuredmedia":[{"embeddable":true,"href":"http:\/\/desarrollo.grupomedios.com\/futbol\/wp-json\/wp\/v2\/media\/401040"}],"wp:attachment":[{"href":"http:\/\/desarrollo.grupomedios.com\/futbol\/wp-json\/wp\/v2\/media?parent=401035"}],"wp:term":[{"taxonomy":"category","embeddable":true,"href":"http:\/\/desarrollo.grupomedios.com\/futbol\/wp-json\/wp\/v2\/categories?post=401035"},{"taxonomy":"post_tag","embeddable":true,"href":"http:\/\/desarrollo.grupomedios.com\/futbol\/wp-json\/wp\/v2\/tags?post=401035"}],"curies":[{"name":"wp","href":"https:\/\/api.w.org\/{rel}","templated":true}]}}