{"id":401046,"date":"2016-06-01T16:21:51","date_gmt":"2016-06-01T22:21:51","guid":{"rendered":"http:\/\/www.futboltotal.com.mx\/?p=401046"},"modified":"2016-06-01T18:13:24","modified_gmt":"2016-06-02T00:13:24","slug":"rafael-sobis-saldra-tigres","status":"publish","type":"post","link":"http:\/\/desarrollo.grupomedios.com\/futbol\/futbol-mexicano\/rafael-sobis-saldra-tigres\/2016\/06","title":{"rendered":"Rafael Sobis saldr\u00e1 de Tigres"},"content":{"rendered":"<p>El representante de <strong>Rafael Sobis<\/strong>, Jorge Machado, confirm\u00f3 que ha llegado a un acuerdo para que el jugador brasile\u00f1o llegu\u00e9 al <strong>Cruzeiro<\/strong> para la pr\u00f3xima temporada y que solo faltan detalles para que los\u00a0<strong>Tigres<\/strong>\u00a0de la UANL, actual club del delantero, lo suelte.<\/p>\n<p>&#8220;Ya nos estamos moviendo con <strong>Tigres<\/strong>&#8220;, explic\u00f3 Machado en una entrevista para la cadena de\u00a0<em>ESPN\u00a0<\/em>en Brasil.<\/p>\n<p style=\"text-align: center;\"><strong><span style=\"color: #3366ff;\">LEER M\u00c1S:\u00a0<a style=\"color: #3366ff;\" href=\"http:\/\/www.futboltotal.com.mx\/2016\/06\/futbol-estufa-rumbo-al-apertura-2016-altas-bajas-rumores\/\">FUTBOL DE ESTUFA | RUMBO AL APERTURA 2016<\/a><\/span><\/strong><\/p>\n<p>Adem\u00e1s, se agrega que al principio los <em>felinos<\/em> solicitaban tres\u00a0millones de d\u00f3lares para que el atacante pueda partir a su natal Brasil y jugar con el <strong>Cruzeiro<\/strong>.<\/p>\n<p>El movimiento podr\u00eda concretarse el pr\u00f3ximo 20 de junio cuando se abre el mercado de transferencias y en caso de que se d\u00e9 la salida de<strong>\u00a0Rafael Sobis<\/strong>, los <strong>Tigres<\/strong> ya conocer\u00edan a su nuevo delantero, pues parece que <a href=\"http:\/\/www.futboltotal.com.mx\/2016\/05\/tigres-busca-fichar-a-jose-angulo\/\" target=\"_blank\">van por el ecuatoriano Jos\u00e9 Angulo<\/a>, del Independiente del Valle.<\/p>\n<blockquote class=\"twitter-tweet\" data-lang=\"es\">\n<p dir=\"ltr\" lang=\"es\">Siete jugadores de <a href=\"https:\/\/twitter.com\/TigresOficial\">@TigresOficial<\/a> fueron convocados para acudir a la Eurocopa y Copa Am\u00e9rica.: <a href=\"https:\/\/t.co\/MZTpcr4JjS\">https:\/\/t.co\/MZTpcr4JjS<\/a> v\u00eda <a href=\"https:\/\/twitter.com\/YouTube\">@YouTube<\/a><\/p>\n<p>\u2014 CLUB TIGRES OFICIAL (@TigresOficial) <a href=\"https:\/\/twitter.com\/TigresOficial\/status\/738061516918915072\">1 de junio de 2016<\/a><\/p><\/blockquote>\n<p><script src=\"\/\/platform.twitter.com\/widgets.js\" async=\"\" charset=\"utf-8\"><\/script><\/p>\n<p><strong>Rafael Sobis<\/strong> tiene contrato con <strong>Tigres<\/strong> hasta 2017,\u00a0no obstante,\u00a0su agente cuenta\u00a0que ya han tenido varias platicas sobre la negociaci\u00f3n con los directivos del Cruzeiro, con\u00a0el vicepresidente Bruno Vicintin y el director de futbol Thiago Scuro.<\/p>\n","protected":false},"excerpt":{"rendered":"<p>El brasile\u00f1o ya se habr\u00eda arreglado con el Cruzeiro<\/p>\n","protected":false},"author":20,"featured_media":401053,"comment_status":"closed","ping_status":"closed","sticky":false,"template":"","format":"standard","meta":[],"categories":[2198,3845,5950],"tags":[7144,5973],"_links":{"self":[{"href":"http:\/\/desarrollo.grupomedios.com\/futbol\/wp-json\/wp\/v2\/posts\/401046"}],"collection":[{"href":"http:\/\/desarrollo.grupomedios.com\/futbol\/wp-json\/wp\/v2\/posts"}],"about":[{"href":"http:\/\/desarrollo.grupomedios.com\/futbol\/wp-json\/wp\/v2\/types\/post"}],"author":[{"embeddable":true,"href":"http:\/\/desarrollo.grupomedios.com\/futbol\/wp-json\/wp\/v2\/users\/20"}],"replies":[{"embeddable":true,"href":"http:\/\/desarrollo.grupomedios.com\/futbol\/wp-json\/wp\/v2\/comments?post=401046"}],"version-history":[{"count":0,"href":"http:\/\/desarrollo.grupomedios.com\/futbol\/wp-json\/wp\/v2\/posts\/401046\/revisions"}],"wp:featuredmedia":[{"embeddable":true,"href":"http:\/\/desarrollo.grupomedios.com\/futbol\/wp-json\/wp\/v2\/media\/401053"}],"wp:attachment":[{"href":"http:\/\/desarrollo.grupomedios.com\/futbol\/wp-json\/wp\/v2\/media?parent=401046"}],"wp:term":[{"taxonomy":"category","embeddable":true,"href":"http:\/\/desarrollo.grupomedios.com\/futbol\/wp-json\/wp\/v2\/categories?post=401046"},{"taxonomy":"post_tag","embeddable":true,"href":"http:\/\/desarrollo.grupomedios.com\/futbol\/wp-json\/wp\/v2\/tags?post=401046"}],"curies":[{"name":"wp","href":"https:\/\/api.w.org\/{rel}","templated":true}]}}