{"id":401166,"date":"2016-06-02T07:00:43","date_gmt":"2016-06-02T13:00:43","guid":{"rendered":"http:\/\/www.futboltotal.com.mx\/?p=401166"},"modified":"2016-06-02T07:07:21","modified_gmt":"2016-06-02T13:07:21","slug":"los-peces-gordos-del-draft","status":"publish","type":"post","link":"http:\/\/desarrollo.grupomedios.com\/futbol\/destacado-home\/los-peces-gordos-del-draft\/2016\/06","title":{"rendered":"Los peces gordos del Draft"},"content":{"rendered":"<p>El <strong>Draft<\/strong> de la <strong><a href=\"http:\/\/www.futboltotal.com.mx\/futbol-mexicano\/\" target=\"_blank\">Liga MX<\/a><\/strong> se celebrar\u00e1 el martes 7 de junio en Canc\u00fan, ah\u00ed se definir\u00e1 en gran parte c\u00f3mo quedar\u00e1n los equipos para el <strong>Apertura 2016<\/strong>. Como suele ocurrir, hay jugadores que se decantan como las opciones para convertirse en el fichaje \u201cbomba\u201d, pero \u00bfcu\u00e1l de estas siete opciones lo lograr\u00e1?<\/p>\n<p><em>Crack<\/em>, vota por tu favorito.<\/p>\n<p><script src=\"\/\/cdn.playbuzz.com\/widget\/feed.js\" type=\"text\/javascript\"><\/script><\/p>\n<div class=\"pb_feed\" data-embed-by=\"d43f3879-83ed-40bc-99d7-fde80605466f\" data-game=\"\/futboltotal\/los-peces-gordos-del-draft\" data-recommend=\"false\" data-game-info=\"false\" data-comments=\"false\"><\/div>\n","protected":false},"excerpt":{"rendered":"<p>\u00bfQui\u00e9n ser\u00e1 el fichaje bomba del r\u00e9gimen de transferencias? <\/p>\n","protected":false},"author":20,"featured_media":401169,"comment_status":"closed","ping_status":"closed","sticky":false,"template":"","format":"standard","meta":[],"categories":[5,2198,3845],"tags":[3749,64],"_links":{"self":[{"href":"http:\/\/desarrollo.grupomedios.com\/futbol\/wp-json\/wp\/v2\/posts\/401166"}],"collection":[{"href":"http:\/\/desarrollo.grupomedios.com\/futbol\/wp-json\/wp\/v2\/posts"}],"about":[{"href":"http:\/\/desarrollo.grupomedios.com\/futbol\/wp-json\/wp\/v2\/types\/post"}],"author":[{"embeddable":true,"href":"http:\/\/desarrollo.grupomedios.com\/futbol\/wp-json\/wp\/v2\/users\/20"}],"replies":[{"embeddable":true,"href":"http:\/\/desarrollo.grupomedios.com\/futbol\/wp-json\/wp\/v2\/comments?post=401166"}],"version-history":[{"count":0,"href":"http:\/\/desarrollo.grupomedios.com\/futbol\/wp-json\/wp\/v2\/posts\/401166\/revisions"}],"wp:featuredmedia":[{"embeddable":true,"href":"http:\/\/desarrollo.grupomedios.com\/futbol\/wp-json\/wp\/v2\/media\/401169"}],"wp:attachment":[{"href":"http:\/\/desarrollo.grupomedios.com\/futbol\/wp-json\/wp\/v2\/media?parent=401166"}],"wp:term":[{"taxonomy":"category","embeddable":true,"href":"http:\/\/desarrollo.grupomedios.com\/futbol\/wp-json\/wp\/v2\/categories?post=401166"},{"taxonomy":"post_tag","embeddable":true,"href":"http:\/\/desarrollo.grupomedios.com\/futbol\/wp-json\/wp\/v2\/tags?post=401166"}],"curies":[{"name":"wp","href":"https:\/\/api.w.org\/{rel}","templated":true}]}}