{"id":401274,"date":"2016-06-02T10:36:17","date_gmt":"2016-06-02T16:36:17","guid":{"rendered":"http:\/\/www.futboltotal.com.mx\/?p=401274"},"modified":"2016-06-02T17:08:33","modified_gmt":"2016-06-02T23:08:33","slug":"tri-se-mueve-en-ranking-fifa","status":"publish","type":"post","link":"http:\/\/desarrollo.grupomedios.com\/futbol\/futbol-mexicano\/seleccion-mexicana\/tri-se-mueve-en-ranking-fifa\/2016\/06","title":{"rendered":"El TRI,\u00a0no se mueve"},"content":{"rendered":"<p>La Federaci\u00f3n Internacional de Futbol Asociaci\u00f3n (FIFA) dio a conocer su <strong>Ranking<\/strong> mensual de selecciones nacionales, en el cual <strong>M\u00e9xico<\/strong> se ubica en el lugar 16 con 942 puntos, manteni\u00e9ndose en el mismo pelda\u00f1o en relaci\u00f3n a los dos \u00faltimos meses.<\/p>\n<p>En la clasificaci\u00f3n de <strong>FIFA<\/strong>, observamos que Argentina y B\u00e9lgica se aferran al primer y al segundo puesto, respectivamente. En tanto,\u00a0los cambios m\u00e1s importantes los han protagonizado Colombia (3\u00aa, +1) y Alemania (4\u00aa, +1), que ha tomado la delantera a Chile (5\u00aa, -2), lo que ha alterado el orden de los cinco equipos que encabezan la lista.<\/p>\n<blockquote class=\"twitter-tweet\" data-lang=\"es\">\n<p dir=\"ltr\" lang=\"es\"><a href=\"https:\/\/twitter.com\/hashtag\/RankingFIFA?src=hash\">#RankingFIFA<\/a> \/Coca-Cola<br \/>\nCambios en el Top-5 y mejor posici\u00f3n hist\u00f3rica de Irlanda del Norte: <a href=\"https:\/\/t.co\/JW4oVlwwco\">https:\/\/t.co\/JW4oVlwwco<\/a> <a href=\"https:\/\/t.co\/7HgQ9wlYFG\">pic.twitter.com\/7HgQ9wlYFG<\/a><\/p>\n<p>\u2014 FIFA.com en espa\u00f1ol (@fifacom_es) <a href=\"https:\/\/twitter.com\/fifacom_es\/status\/738286221793853440\">2 de junio de 2016<\/a><\/p><\/blockquote>\n<p><script src=\"\/\/platform.twitter.com\/widgets.js\" async=\"\" charset=\"utf-8\"><\/script><\/p>\n<p>Por otra parte, en el<strong> Ranking<\/strong>\u00a0de junio de la <strong>FIFA<\/strong> destaca que\u00a0Irlanda del Norte ocupa este mes el lugar 25, su mejor posici\u00f3n desde que se cre\u00f3 oficialmente la clasificaci\u00f3n en 1993. Este a\u00f1o,\u00a0los norirlandeses, cuya \u00faltima participaci\u00f3n en una competici\u00f3n internacional fue hace 30 a\u00f1os en la Copa Mundial de M\u00e9xico, debutar\u00e1n en la Eurocopa.<\/p>\n<p style=\"text-align: center;\"><span style=\"color: #3366ff;\"><strong><a style=\"color: #3366ff;\" href=\"http:\/\/www.futboltotal.com.mx\/2016\/06\/resultado-mexico-1-0-chile\/\">LEER M\u00c1S: El TRI sigue con paso perfecto e imbatible<\/a><\/strong><\/span><\/p>\n<p>En la zona de CONCACAF, <strong>M\u00e9xico<\/strong> ocupa el primer lugar con 942 unidades; su m\u00e1s cercano perseguidor es Costa Rica, con 853 puntos, y vig\u00e9simo tercero en la clasificaci\u00f3n general.<\/p>\n<p>Si el <em>Tri<\/em> fuera parte de la UEFA, ocupar\u00eda el d\u00e9cimo lugar, detr\u00e1s de B\u00e9lgica, Alemania, Espa\u00f1a, Portugal, Austria, Inglaterra, Italia, Holanda y Suiza. En la CONMEBOL, los mexicanos ser\u00edan s\u00e9ptimos, sigui\u00e9ndole los pasos a Argentina, Colombia, Chile, Brasil, Uruguay y Ecuador.<\/p>\n<p style=\"text-align: center;\"><span style=\"color: #3366ff;\"><strong><a style=\"color: #3366ff;\" href=\"http:\/\/www.futboltotal.com.mx\/2016\/06\/chicharito-otros-jugadores-religiosos\/\">LEER M\u00c1S: Chicharito\u2026 Y otros jugadores bien religiosos<\/a><\/strong><\/span><\/p>\n<p>En las Confederaciones de Ocean\u00eda, As\u00eda y \u00c1frica, la selecci\u00f3n de <strong>M\u00e9xico <\/strong>ocupar\u00eda el primer sitio.<\/p>\n<p>El pr\u00f3ximo <strong>Ranking<\/strong> de la <strong>FIFA<\/strong> se dar\u00e1 a conocer el 14 de julio de 2016.<\/p>\n","protected":false},"excerpt":{"rendered":"<p>M\u00e9xico se mantiene en el lugar 16 del Ranking FIFA<\/p>\n","protected":false},"author":20,"featured_media":401278,"comment_status":"closed","ping_status":"closed","sticky":false,"template":"","format":"standard","meta":[],"categories":[3847,6951,5950],"tags":[65,5979],"_links":{"self":[{"href":"http:\/\/desarrollo.grupomedios.com\/futbol\/wp-json\/wp\/v2\/posts\/401274"}],"collection":[{"href":"http:\/\/desarrollo.grupomedios.com\/futbol\/wp-json\/wp\/v2\/posts"}],"about":[{"href":"http:\/\/desarrollo.grupomedios.com\/futbol\/wp-json\/wp\/v2\/types\/post"}],"author":[{"embeddable":true,"href":"http:\/\/desarrollo.grupomedios.com\/futbol\/wp-json\/wp\/v2\/users\/20"}],"replies":[{"embeddable":true,"href":"http:\/\/desarrollo.grupomedios.com\/futbol\/wp-json\/wp\/v2\/comments?post=401274"}],"version-history":[{"count":0,"href":"http:\/\/desarrollo.grupomedios.com\/futbol\/wp-json\/wp\/v2\/posts\/401274\/revisions"}],"wp:featuredmedia":[{"embeddable":true,"href":"http:\/\/desarrollo.grupomedios.com\/futbol\/wp-json\/wp\/v2\/media\/401278"}],"wp:attachment":[{"href":"http:\/\/desarrollo.grupomedios.com\/futbol\/wp-json\/wp\/v2\/media?parent=401274"}],"wp:term":[{"taxonomy":"category","embeddable":true,"href":"http:\/\/desarrollo.grupomedios.com\/futbol\/wp-json\/wp\/v2\/categories?post=401274"},{"taxonomy":"post_tag","embeddable":true,"href":"http:\/\/desarrollo.grupomedios.com\/futbol\/wp-json\/wp\/v2\/tags?post=401274"}],"curies":[{"name":"wp","href":"https:\/\/api.w.org\/{rel}","templated":true}]}}