{"id":401317,"date":"2016-06-02T12:58:01","date_gmt":"2016-06-02T18:58:01","guid":{"rendered":"http:\/\/www.futboltotal.com.mx\/?p=401317"},"modified":"2016-06-02T12:58:01","modified_gmt":"2016-06-02T18:58:01","slug":"dani-alves-se-despidio-del-barcelona","status":"publish","type":"post","link":"http:\/\/desarrollo.grupomedios.com\/futbol\/futbol-internacional\/dani-alves-se-despidio-del-barcelona\/2016\/06","title":{"rendered":"Dani Alves se despidi\u00f3 del Barcelona"},"content":{"rendered":"<p>Este jueves <a href=\"http:\/\/www.futboltotal.com.mx\/2016\/06\/oficial-dani-alves-se-va-del-barcelona\/\" target=\"_blank\">el <strong>Barcelona<\/strong> anunci\u00f3 la salida de <strong>Dani Alves<\/strong> del club<\/a>, por lo que el jugador brasile\u00f1o se despidi\u00f3 de los seguidores\u00a0<em>Blaugranas\u00a0<\/em>a trav\u00e9s de una emotiva carta en sus redes sociales, en donde destaca sus mejores momentos desde que lleg\u00f3 en julio de 2008.<\/p>\n<blockquote class=\"instagram-media\" style=\"background: #FFF; border: 0; border-radius: 3px; box-shadow: 0 0 1px 0 rgba(0,0,0,0.5),0 1px 10px 0 rgba(0,0,0,0.15); margin: 1px; max-width: 658px; padding: 0; width: calc(100% - 2px);\" data-instgrm-captioned=\"\" data-instgrm-version=\"7\">\n<div style=\"padding: 8px;\">\n<div style=\"background: #F8F8F8; line-height: 0; margin-top: 40px; padding: 50.0% 0; text-align: center; width: 100%;\"><\/div>\n<p style=\"margin: 8px 0 0 0; padding: 0 4px;\"><a style=\"color: #000; font-family: Arial,sans-serif; font-size: 14px; font-style: normal; font-weight: normal; line-height: 17px; text-decoration: none; word-wrap: break-word;\" href=\"https:\/\/www.instagram.com\/p\/BGKN-9ZOH0N\/\" target=\"_blank\">En un mes, har\u00e1 ocho a\u00f1os de mi llegada al FC Barcelona. En julio del 2008, entr\u00e9 por primera vez en este club y ocup\u00e9 el vestuario en el que he vivido los logros m\u00e1s importantes de mi carrera profesional. Desde el primer d\u00eda, desde ese primer entrenamiento a las \u00f3rdenes de Pep Guardiola, hasta el \u00faltimo de \u00e9sta pasada temporada, he tenido la fortuna de poder disfrutar apasionadamente el f\u00fatbol. Tengo decenas, centenares, de im\u00e1genes grabadas en la mente de momentos compartidos con todos ustedes en el Camp Nou, desde el c\u00e9sped de grandes estadios mundiales, en las calles de Barcelona\u2026 tantas celebraciones de gol, tanta felicidad en forma de t\u00edtulos. Soy un privilegiado, un futbolista trabajador y honrado, a qui\u00e9n la vida le ha permitido vestir la camiseta del mejor club del mundo en una d\u00e9cada prodigiosa por la calidad de sus jugadores y entrenadores. Podr\u00eda mencionar uno a uno a todos los extraordinarios compa\u00f1eros con qui\u00e9nes he tenido el placer de superar retos y dificultades en las m\u00faltiples formas en las que se han ido presentando a lo largo de este tiempo, pero prefiero darles un agradecimiento conjunto, porque en el vestuario del Bar\u00e7a no hay lugar para individualidades: Ganamos todos, perdemos todos. Y trabajamos juntos. Y tirando de la nave, presidentes, \u2018misters\u2019, cuerpo t\u00e9cnico, trabajadores del club\u2026 a todos ellos muchas gracias porque siempre he visto recompensado mi esfuerzo con su confianza y apoyo. Con esta carta no me despido, s\u00f3lo quiero hacerles saber que he tomado la decisi\u00f3n de buscar un nuevo reto en mi carrera, porque las etapas \u2013tambi\u00e9n las que son bonitas y gloriosas- se han de saber abrir, disfrutar y acabar cuando es el momento preciso. Y mi momento es este. Me voy, pero volver\u00e9, porque soy un cul\u00e9 m\u00e1s. Gr\u00e0cies per fer-me sentir tan estimat.<\/a><\/p>\n<p style=\"color: #c9c8cd; font-family: Arial,sans-serif; font-size: 14px; line-height: 17px; margin-bottom: 0; margin-top: 8px; overflow: hidden; padding: 8px 0 7px; text-align: center; text-overflow: ellipsis; white-space: nowrap;\">A photo posted by DanialvesD2 My Twitter (@danid2ois) on <time style=\"font-family: Arial,sans-serif; font-size: 14px; line-height: 17px;\" datetime=\"2016-06-02T16:59:12+00:00\">Jun 2, 2016 at 9:59am PDT<\/time><\/p>\n<\/div>\n<\/blockquote>\n<p><script src=\"\/\/platform.instagram.com\/en_US\/embeds.js\" async=\"\" defer=\"defer\"><\/script><\/p>\n<p>El lateral derecho renov\u00f3 el a\u00f1o pasado su contrato con el Barcelona y a\u00f1adi\u00f3 dos temporadas m\u00e1s con el club, pero apenas est\u00e1 semana se confirm\u00f3 que por &#8220;motivos personales&#8221; saldr\u00eda y su destino estar\u00eda en Tur\u00edn con la Juventus.<\/p>\n<p><iframe loading=\"lazy\" src=\"https:\/\/www.youtube.com\/embed\/behjsTCbhuw\" frameborder=\"0\" allowfullscreen=\"allowfullscreen\"><\/iframe><\/p>\n","protected":false},"excerpt":{"rendered":"<p>Consider\u00f3 que su etapa en el club hab\u00eda terminado<\/p>\n","protected":false},"author":20,"featured_media":401318,"comment_status":"closed","ping_status":"closed","sticky":false,"template":"","format":"standard","meta":[],"categories":[3839,3844,5951],"tags":[5984,5983,5999],"_links":{"self":[{"href":"http:\/\/desarrollo.grupomedios.com\/futbol\/wp-json\/wp\/v2\/posts\/401317"}],"collection":[{"href":"http:\/\/desarrollo.grupomedios.com\/futbol\/wp-json\/wp\/v2\/posts"}],"about":[{"href":"http:\/\/desarrollo.grupomedios.com\/futbol\/wp-json\/wp\/v2\/types\/post"}],"author":[{"embeddable":true,"href":"http:\/\/desarrollo.grupomedios.com\/futbol\/wp-json\/wp\/v2\/users\/20"}],"replies":[{"embeddable":true,"href":"http:\/\/desarrollo.grupomedios.com\/futbol\/wp-json\/wp\/v2\/comments?post=401317"}],"version-history":[{"count":0,"href":"http:\/\/desarrollo.grupomedios.com\/futbol\/wp-json\/wp\/v2\/posts\/401317\/revisions"}],"wp:featuredmedia":[{"embeddable":true,"href":"http:\/\/desarrollo.grupomedios.com\/futbol\/wp-json\/wp\/v2\/media\/401318"}],"wp:attachment":[{"href":"http:\/\/desarrollo.grupomedios.com\/futbol\/wp-json\/wp\/v2\/media?parent=401317"}],"wp:term":[{"taxonomy":"category","embeddable":true,"href":"http:\/\/desarrollo.grupomedios.com\/futbol\/wp-json\/wp\/v2\/categories?post=401317"},{"taxonomy":"post_tag","embeddable":true,"href":"http:\/\/desarrollo.grupomedios.com\/futbol\/wp-json\/wp\/v2\/tags?post=401317"}],"curies":[{"name":"wp","href":"https:\/\/api.w.org\/{rel}","templated":true}]}}