{"id":401336,"date":"2016-06-02T14:14:24","date_gmt":"2016-06-02T20:14:24","guid":{"rendered":"http:\/\/www.futboltotal.com.mx\/?p=401336"},"modified":"2016-06-02T14:20:18","modified_gmt":"2016-06-02T20:20:18","slug":"porto-blinda-a-miguel-layun","status":"publish","type":"post","link":"http:\/\/desarrollo.grupomedios.com\/futbol\/futbol-internacional\/porto-blinda-a-miguel-layun\/2016\/06","title":{"rendered":"Porto blinda a Miguel Lay\u00fan"},"content":{"rendered":"<p>En la v\u00edspera del arranque de la Copa Am\u00e9rica, <strong>Miguel Lay\u00fan <\/strong>confirm\u00f3\u00a0que el <strong>FC\u00a0Porto<\/strong> valid\u00f3 la opci\u00f3n de compra para ficharlo definitivamente de cara a la temporada 2016-17.<\/p>\n<p>&#8220;Es una gran noticia, muy positiva y ahora solo toca esperar \u00a0enfocarme totalmente con la selecci\u00f3n, que es lo m\u00e1s importante. Jugamos en una d\u00edas ante Uruguay y hay que estar muy concentrados en ello&#8221;, declar\u00f3\u00a0el zaguero.<\/p>\n<p style=\"text-align: center;\"><span style=\"color: #3366ff;\"><strong><a style=\"color: #3366ff;\" href=\"http:\/\/www.futboltotal.com.mx\/futbol-internacional\/mexicanos-en-europa\/\">LEER M\u00c1S: Todas las noticias de Mexicanos en Europa<\/a><\/strong><\/span><\/p>\n<p>A pesar de que el internacional mexicano no revel\u00f3 detalles del contrato firmado, la prensa lusa apunt\u00f3 que lo hizo por cuatro temporadas y lo blind\u00f3 con una cl\u00e1usula rescisi\u00f3n de 40 millones de euros.<\/p>\n<p>&#8220;Estoy muy contento y agradezco la confianza que me ha dado la directiva del <strong>FC Porto<\/strong>\u00a0para seguir&#8221;, agreg\u00f3 <strong>Lay\u00fan<\/strong>, quien ayer se despach\u00f3 con una asistencia a <em>Chicharito<\/em> Hern\u00e1ndez en la victoria 1-0 ante Chile.<\/p>\n<p>Cabe recordar que hace un par de d\u00edas el diario <em>A Bola<\/em>\u00a0public\u00f3 en su edici\u00f3n impresa, la operaci\u00f3n qued\u00f3 cerrada en seis millones de euros.<\/p>\n<p><strong>Lay\u00fan<\/strong> tendr\u00e1 que esperar a concluir su participaci\u00f3n con la Selecci\u00f3n Mexicana en la Copa Am\u00e9rica Centenario para reportar con el <strong>Porto<\/strong> y ponerse a las \u00f3rdenes del nuevo estratega del club, Nuno Espirito Santo, quien firm\u00f3 por tres campa\u00f1as en sustituci\u00f3n del entrenador Jos\u00e9 Peseiro.<\/p>\n","protected":false},"excerpt":{"rendered":"<p>El defensa mexicano agradeci\u00f3 a la directiva del Porto por brindarle confianza <\/p>\n","protected":false},"author":20,"featured_media":401355,"comment_status":"closed","ping_status":"closed","sticky":false,"template":"","format":"standard","meta":[],"categories":[3839,6718,5951],"tags":[1035,1208],"_links":{"self":[{"href":"http:\/\/desarrollo.grupomedios.com\/futbol\/wp-json\/wp\/v2\/posts\/401336"}],"collection":[{"href":"http:\/\/desarrollo.grupomedios.com\/futbol\/wp-json\/wp\/v2\/posts"}],"about":[{"href":"http:\/\/desarrollo.grupomedios.com\/futbol\/wp-json\/wp\/v2\/types\/post"}],"author":[{"embeddable":true,"href":"http:\/\/desarrollo.grupomedios.com\/futbol\/wp-json\/wp\/v2\/users\/20"}],"replies":[{"embeddable":true,"href":"http:\/\/desarrollo.grupomedios.com\/futbol\/wp-json\/wp\/v2\/comments?post=401336"}],"version-history":[{"count":0,"href":"http:\/\/desarrollo.grupomedios.com\/futbol\/wp-json\/wp\/v2\/posts\/401336\/revisions"}],"wp:featuredmedia":[{"embeddable":true,"href":"http:\/\/desarrollo.grupomedios.com\/futbol\/wp-json\/wp\/v2\/media\/401355"}],"wp:attachment":[{"href":"http:\/\/desarrollo.grupomedios.com\/futbol\/wp-json\/wp\/v2\/media?parent=401336"}],"wp:term":[{"taxonomy":"category","embeddable":true,"href":"http:\/\/desarrollo.grupomedios.com\/futbol\/wp-json\/wp\/v2\/categories?post=401336"},{"taxonomy":"post_tag","embeddable":true,"href":"http:\/\/desarrollo.grupomedios.com\/futbol\/wp-json\/wp\/v2\/tags?post=401336"}],"curies":[{"name":"wp","href":"https:\/\/api.w.org\/{rel}","templated":true}]}}