{"id":401372,"date":"2016-06-02T20:12:22","date_gmt":"2016-06-03T02:12:22","guid":{"rendered":"http:\/\/www.futboltotal.com.mx\/?p=401372"},"modified":"2016-06-02T20:18:03","modified_gmt":"2016-06-03T02:18:03","slug":"chivas-tv-rompera-paradigmas","status":"publish","type":"post","link":"http:\/\/desarrollo.grupomedios.com\/futbol\/destacado-home\/chivas-tv-rompera-paradigmas\/2016\/06","title":{"rendered":"&#8220;Chivas TV romper\u00e1 paradigmas&#8221;"},"content":{"rendered":"<p><em>Chivas TV<\/em>, el nuevo canal por el que el Guadalajara transmitir\u00e1 sus partidos (entre otras cosas) es uno de los temas que m\u00e1s atenci\u00f3n han atra\u00eddo en el futbol mexicano durante el \u00faltimo mes. <strong>Jorge Vergara<\/strong> platic\u00f3 con <strong>Futbol Total<\/strong> sobre este proyecto y otros asuntos relacionados con el <em>Reba\u00f1o<\/em>.<\/p>\n<p><em>Hay mucha expectaci\u00f3n por lo que ser\u00e1 Chivas TV.<\/em><\/p>\n<p>&#8211; <strong>Es un proyecto muy trascendente, porque rompe paradigmas<\/strong> en este pa\u00eds y en todo el mundo. Vamos a ser el primer equipo de futbol que transmite todos sus partidos en vivo de esa manera, por Internet; sabemos que hoy a mucha gente le cuesta meterse ah\u00ed, pero lograremos que entren, <strong>vamos a romper paradigmas<\/strong>.<\/p>\n<p style=\"text-align: center;\"><span style=\"color: #3366ff;\"><strong><a style=\"color: #3366ff;\" href=\"http:\/\/www.futboltotal.com.mx\/2016\/05\/chivas-tv-sera-gratis\/\" target=\"_blank\">LEER M\u00c1S: CHIVAS TV no ser\u00e1 gratis<\/a><\/strong><\/span><\/p>\n<p><em>\u00bfCon qu\u00e9 antecedentes se puede comparar lo que su club prepara?<\/em><\/p>\n<p>&#8211; Hay algunos antecedentes, pero no id\u00e9nticos; algunos equipos lo han hecho en alg\u00fan momento pero terminaron volviendo a la televisi\u00f3n de cable. Y los clubes que tienen sus canales, como Real Madrid, incluyen puro contenido fuera de los partidos. Esto ser\u00e1 totalmente diferente a lo que hacen equipos como Manchester United. Ver\u00e1n muchas cosas que rodean al equipo, habr\u00e1 mucho contenido.<\/p>\n<p><em>\u00bfYa est\u00e1 totalmente definido Chivas TV?<\/em><\/p>\n<p>&#8211; No, seguimos trabajando; este es un proceso que nunca va a terminar, porque es muy creativo, ofrece muchas oportunidades de desarrollo; estoy seguro que la afici\u00f3n se va a sorprender de lo que habr\u00e1 aqu\u00ed.<\/p>\n<blockquote class=\"twitter-tweet\" data-lang=\"es\">\n<p dir=\"ltr\" lang=\"es\">Bienvenidos a una nueva era, \u00a1bienvenidos a Chivas TV! <a href=\"https:\/\/twitter.com\/hashtag\/ChivasLibre?src=hash\">#ChivasLibre<\/a> <a href=\"https:\/\/twitter.com\/hashtag\/Uni%C3%B3nNacional?src=hash\">#Uni\u00f3nNacional<\/a> <a href=\"https:\/\/t.co\/UhqIRJSNm4\">https:\/\/t.co\/UhqIRJSNm4<\/a><\/p>\n<p>\u2014 CHIVAS (@Chivas) <a href=\"https:\/\/twitter.com\/Chivas\/status\/734063219891933184\">21 de mayo de 2016<\/a><\/p><\/blockquote>\n<p><script src=\"\/\/platform.twitter.com\/widgets.js\" async=\"\" charset=\"utf-8\"><\/script><\/p>\n<p><em>\u00bfCu\u00e1ndo decidieron cortar no solo con Televisa, sino con la televisi\u00f3n en general?<\/em><\/p>\n<p>&#8211; M\u00e1s o menos tres semanas antes de anunciarlo. Y aclaro que no estamos distanciados con Televisa, no nos hemos peleado. Simple y sencillamente se tom\u00f3 una decisi\u00f3n de negocios, pero no estamos peleados ni mucho menos.\u00a0\u00bfEn qu\u00e9 momento lo planeamos? Bueno, lo hab\u00edamos pensado anteriormente, sin embargo lo evalu\u00e1bamos y no se justificaba el proyecto hasta ahora que creemos se ha vuelto adecuado.<\/p>\n<p><em>El club est\u00e1 arriesgando 30 millones de d\u00f3lares con Chivas TV. \u00bfC\u00f3mo se toma una decisi\u00f3n tan fuerte, con tanto dinero de por medio?<\/em><\/p>\n<p>&#8211; Creyendo mucho en el proyecto, en la gente que est\u00e1 involucrada y haciendo las cosas con mucha pasi\u00f3n.<\/p>\n<p><strong><span style=\"color: #3366ff;\"><a style=\"color: #3366ff;\" href=\"http:\/\/www.futboltotal.com.mx\/2016\/06\/jose-juan-vazquez-ya-chivas\/\" target=\"_blank\">LEER M\u00c1S: OFICIAL: \u00a1Gallito V\u00e1zquez, refuerzo de Chivas!<\/a><\/span><\/strong><\/p>\n<p><em>Cuando usted lleg\u00f3 al Guadalajara, una de las medidas que tom\u00f3 fue la camiseta limpia de marcas comerciales y luego estas volvieron. \u00bfChivas TV no corre un riesgo as\u00ed?<\/em><\/p>\n<p>&#8211; Yo dije que iba a limpiar la camiseta por dos o tres a\u00f1os y despu\u00e9s la iba a dignificar, a mejorar el valor de la camiseta y as\u00ed lo hice; esa medida result\u00f3 muy bien. Cuando yo recib\u00ed al equipo, el uniforme estaba totalmente devaluado, depreciado; ahora con un solo anunciante recibimos el doble de lo que en ese entonces recib\u00edan por 13. Esa idea funcion\u00f3 muy bien y <em>Chivas TV<\/em> tambi\u00e9n va a funcionar muy bien.<\/p>\n<p><em>Entonces en definitiva no volver\u00e1n con ninguna televisora, \u00bfno hay marcha atr\u00e1s?<\/em><\/p>\n<p>&#8211; Para atr\u00e1s, ni para agarrar vuelo.<\/p>\n<blockquote class=\"twitter-tweet\" data-lang=\"es\"><p>\nD\u00eda 1 <a href=\"https:\/\/twitter.com\/hashtag\/ChivasTV?src=hash\">#ChivasTV<\/a> ? <a href=\"https:\/\/t.co\/CffXiUaqDP\">https:\/\/t.co\/CffXiUaqDP<\/a><\/p>\n<p>\u2014 CHIVAS (@Chivas) <a href=\"https:\/\/twitter.com\/Chivas\/status\/738477829000552448\">2 de junio de 2016<\/a>\n<\/p><\/blockquote>\n<p><script src=\"\/\/platform.twitter.com\/widgets.js\" async=\"\" charset=\"utf-8\"><\/script><\/p>\n<p><span style=\"color: #800000;\"><strong>Otros temas en\u00a0Chivas<\/strong><\/span><\/p>\n<p><em>Invierten 108 millones en fuerzas b\u00e1sicas. \u00bfEn cu\u00e1nto tiempo se hace rentable una inversi\u00f3n de este tipo?<\/em><\/p>\n<p>&#8211; Todo depende de la cantidad de jugadores que tengas con posibilidades, pero por ejemplo, un caso como el del\u00a0<em>Chicharito<\/em> nos dio aire para una buena cantidad de a\u00f1os en lo que lo vendimos.<\/p>\n<p><em>\u00bfHoy siguen trabajando en esa misma l\u00ednea? \u00bfPueden tener un d\u00eda 11 Chicharitos, como dijo alguna vez?<\/em><\/p>\n<p>&#8211; Es el sue\u00f1o dorado de <strong>Chivas<\/strong>: tener 11 <em>Ch\u00edcharos<\/em> en la cancha, que nos ayuden como equipo y tambi\u00e9n a transformar la actitud y la creencia en s\u00ed mismo de este pa\u00eds.<\/p>\n<p style=\"text-align: center;\"><span style=\"color: #3366ff;\"><strong><a style=\"color: #3366ff;\" href=\"http:\/\/www.futboltotal.com.mx\/equipos\/guadalajara\/\" target=\"_blank\">LEER M\u00c1S: Todas las noticias del Reba\u00f1o<\/a><\/strong><\/span><\/p>\n<p><a href=\"http:\/\/www.futboltotal.com.mx\/2016\/06\/chivas-tv-rompera-paradigmas\/entrevista-jorge-verga-futbol-total-chivas-tv\/\" rel=\"attachment wp-att-401429\"><img decoding=\"async\" loading=\"lazy\" class=\"aligncenter size-full wp-image-401429\" src=\"http:\/\/www.futboltotal.com.mx\/wp-content\/uploads\/2016\/06\/entrevista-jorge-verga-futbol-total-chivas-tv.jpg\" alt=\"entrevista-jorge-verga-futbol-total-chivas-tv\" srcset=\"http:\/\/desarrollo.grupomedios.com\/futbol\/wp-content\/uploads\/2016\/06\/entrevista-jorge-verga-futbol-total-chivas-tv.jpg 858w, http:\/\/desarrollo.grupomedios.com\/futbol\/wp-content\/uploads\/2016\/06\/entrevista-jorge-verga-futbol-total-chivas-tv-300x151.jpg 300w, http:\/\/desarrollo.grupomedios.com\/futbol\/wp-content\/uploads\/2016\/06\/entrevista-jorge-verga-futbol-total-chivas-tv-768x386.jpg 768w\" sizes=\"(max-width: 858px) 100vw, 858px\" \/><\/a><\/p>\n<p><em>De su mano derecha, Jos\u00e9 Luis Higuera, \u00bfqu\u00e9 papel juega, c\u00f3mo ha cambiado con \u00e9l el funcionamiento del Guadalajara?<\/em><\/p>\n<p>&#8211; \u00c9l tiene una gran habilidad para negociar y entenderse con los dem\u00e1s los directivos, es alguien que me ha ayudado mucho en ese sentido.<\/p>\n<p><em>Y de Mat\u00edas Almeyda, \u00bfqu\u00e9 tiene \u00e9l que no ten\u00edan otros t\u00e9cnicos que han pasado por el equipo?<\/em><\/p>\n<p>&#8211; Tiene una cualidad muy importante que es la humildad. Y adem\u00e1s, honestidad; es \u00edntegro, es transparente. Tiene pasi\u00f3n y est\u00e1 muy claro sobre lo que quiere lograr: ser exitoso con <strong>Chivas<\/strong>, est\u00e1 enamorado de <strong>Chivas<\/strong>. Entonces tiene muchas cualidades que los otros no ten\u00edan.\u00a0Por eso est\u00e1 firmado por seis a\u00f1os y esperemos que despu\u00e9s de eso podamos seguir contando con \u00e9l.<\/p>\n<p><span style=\"color: #ff0000;\"><strong>VIDEO<\/strong> | Entrevista |\u00a0&#8220;<em>Chivas TV<\/em> romper\u00e1 paradigmas&#8221;: Vergara<\/span><\/p>\n<p>[video_player]https:\/\/player.vimeo.com\/external\/169163881.hd.mp4?s=8bb8d56d67f01e40808fb52a3528940e5a979c25&amp;profile_id=174[\/video_player]<\/p>\n","protected":false},"excerpt":{"rendered":"<p>Jorge Vergara platic\u00f3 con Futbol Total sobre el innovador proyecto<\/p>\n","protected":false},"author":20,"featured_media":401427,"comment_status":"closed","ping_status":"closed","sticky":false,"template":"","format":"standard","meta":[],"categories":[5,2198,3845],"tags":[70,243],"_links":{"self":[{"href":"http:\/\/desarrollo.grupomedios.com\/futbol\/wp-json\/wp\/v2\/posts\/401372"}],"collection":[{"href":"http:\/\/desarrollo.grupomedios.com\/futbol\/wp-json\/wp\/v2\/posts"}],"about":[{"href":"http:\/\/desarrollo.grupomedios.com\/futbol\/wp-json\/wp\/v2\/types\/post"}],"author":[{"embeddable":true,"href":"http:\/\/desarrollo.grupomedios.com\/futbol\/wp-json\/wp\/v2\/users\/20"}],"replies":[{"embeddable":true,"href":"http:\/\/desarrollo.grupomedios.com\/futbol\/wp-json\/wp\/v2\/comments?post=401372"}],"version-history":[{"count":0,"href":"http:\/\/desarrollo.grupomedios.com\/futbol\/wp-json\/wp\/v2\/posts\/401372\/revisions"}],"wp:featuredmedia":[{"embeddable":true,"href":"http:\/\/desarrollo.grupomedios.com\/futbol\/wp-json\/wp\/v2\/media\/401427"}],"wp:attachment":[{"href":"http:\/\/desarrollo.grupomedios.com\/futbol\/wp-json\/wp\/v2\/media?parent=401372"}],"wp:term":[{"taxonomy":"category","embeddable":true,"href":"http:\/\/desarrollo.grupomedios.com\/futbol\/wp-json\/wp\/v2\/categories?post=401372"},{"taxonomy":"post_tag","embeddable":true,"href":"http:\/\/desarrollo.grupomedios.com\/futbol\/wp-json\/wp\/v2\/tags?post=401372"}],"curies":[{"name":"wp","href":"https:\/\/api.w.org\/{rel}","templated":true}]}}