{"id":401374,"date":"2016-06-02T15:42:23","date_gmt":"2016-06-02T21:42:23","guid":{"rendered":"http:\/\/www.futboltotal.com.mx\/?p=401374"},"modified":"2016-06-02T16:46:54","modified_gmt":"2016-06-02T22:46:54","slug":"suenan-dos-laterales-para-sustituir-a-dani-alves","status":"publish","type":"post","link":"http:\/\/desarrollo.grupomedios.com\/futbol\/futbol-internacional\/suenan-dos-laterales-para-sustituir-a-dani-alves\/2016\/06","title":{"rendered":"Suenan dos laterales para sustituir a Dani Alves"},"content":{"rendered":"<p>Apenas se <a href=\"http:\/\/www.futboltotal.com.mx\/2016\/06\/oficial-dani-alves-se-va-del-barcelona\/\">confirmaba la salida de <strong>Dani Alves<\/strong> <\/a>y el <strong>Barcelona<\/strong> ya est\u00e1 pensando en dos jugadores que puedan sustituir el gran hueco que deja el brasile\u00f1o en el club. Los nombres que suenan son demasiados, como siempre en el mercado de fichajes, pero en las \u00faltimas horas se han incorporado dos para la mente de Luis Enrique: <strong>Gregory van der Wiel<\/strong> y <strong>Rafinha<\/strong>.<\/p>\n<p>El holand\u00e9s del PSG se encuentra en el club desde el 2012, pero no se ha afianzado de la titularidad de los dirigidos por Laurent Blanc, pues el marfile\u00f1o Serge Aurier le ha ganado la partida en la banda derecha.<\/p>\n<p><img decoding=\"async\" loading=\"lazy\" class=\"alignnone size-full wp-image-401382\" src=\"http:\/\/www.futboltotal.com.mx\/wp-content\/uploads\/2016\/06\/van-der-wiel-afp.jpg\" alt=\"van der wiel afp\" srcset=\"http:\/\/desarrollo.grupomedios.com\/futbol\/wp-content\/uploads\/2016\/06\/van-der-wiel-afp.jpg 858w, http:\/\/desarrollo.grupomedios.com\/futbol\/wp-content\/uploads\/2016\/06\/van-der-wiel-afp-300x151.jpg 300w, http:\/\/desarrollo.grupomedios.com\/futbol\/wp-content\/uploads\/2016\/06\/van-der-wiel-afp-768x386.jpg 768w\" sizes=\"(max-width: 858px) 100vw, 858px\" \/><\/p>\n<p style=\"text-align: center;\"><span style=\"color: #3366ff;\"><a href=\"http:\/\/www.futboltotal.com.mx\/2016\/06\/dani-alves-se-despidio-del-barcelona\/\" target=\"_blank\">LEER M\u00c1S: Dani Alves se despide de los seguidores del Barcelona<\/a><\/span><\/p>\n<p>A pesar de ello, <strong>van der Wiel<\/strong> cuenta con un gran perfil de ataque y aunque tiene problemas para defender, es una situaci\u00f3n que ha venido trabajando con el tiempo y que con Luis Enrique podr\u00eda terminar de complementar.<\/p>\n<p>Por otra parte, <strong>Rafinha<\/strong> no es la primera vez que suena como refuerzo para el Barcelona. Ante las constantes dudas sobre la continuidad de Dani Alves, el club ya hab\u00eda buscado jugadores en caso de que saliera y el brasile\u00f1o siempre fue considerado. Ahora con su salida, parece viable que el jugador del Bayern M\u00fanich pueda llegar, aunque le queda un a\u00f1o de contrato con el club <em>b\u00e1varo<\/em>.<\/p>\n<p><img decoding=\"async\" loading=\"lazy\" class=\"alignnone size-full wp-image-401381\" src=\"http:\/\/www.futboltotal.com.mx\/wp-content\/uploads\/2016\/06\/rafinha-afp.jpg\" alt=\"rafinha-afp\" srcset=\"http:\/\/desarrollo.grupomedios.com\/futbol\/wp-content\/uploads\/2016\/06\/rafinha-afp.jpg 858w, http:\/\/desarrollo.grupomedios.com\/futbol\/wp-content\/uploads\/2016\/06\/rafinha-afp-300x151.jpg 300w, http:\/\/desarrollo.grupomedios.com\/futbol\/wp-content\/uploads\/2016\/06\/rafinha-afp-768x386.jpg 768w\" sizes=\"(max-width: 858px) 100vw, 858px\" \/><\/p>\n","protected":false},"excerpt":{"rendered":"<p>Los rumores comienzan tras la salida del brasile\u00f1o<\/p>\n","protected":false},"author":20,"featured_media":401384,"comment_status":"closed","ping_status":"closed","sticky":false,"template":"","format":"standard","meta":[],"categories":[3839,3844,5951],"tags":[5984,5983],"_links":{"self":[{"href":"http:\/\/desarrollo.grupomedios.com\/futbol\/wp-json\/wp\/v2\/posts\/401374"}],"collection":[{"href":"http:\/\/desarrollo.grupomedios.com\/futbol\/wp-json\/wp\/v2\/posts"}],"about":[{"href":"http:\/\/desarrollo.grupomedios.com\/futbol\/wp-json\/wp\/v2\/types\/post"}],"author":[{"embeddable":true,"href":"http:\/\/desarrollo.grupomedios.com\/futbol\/wp-json\/wp\/v2\/users\/20"}],"replies":[{"embeddable":true,"href":"http:\/\/desarrollo.grupomedios.com\/futbol\/wp-json\/wp\/v2\/comments?post=401374"}],"version-history":[{"count":0,"href":"http:\/\/desarrollo.grupomedios.com\/futbol\/wp-json\/wp\/v2\/posts\/401374\/revisions"}],"wp:featuredmedia":[{"embeddable":true,"href":"http:\/\/desarrollo.grupomedios.com\/futbol\/wp-json\/wp\/v2\/media\/401384"}],"wp:attachment":[{"href":"http:\/\/desarrollo.grupomedios.com\/futbol\/wp-json\/wp\/v2\/media?parent=401374"}],"wp:term":[{"taxonomy":"category","embeddable":true,"href":"http:\/\/desarrollo.grupomedios.com\/futbol\/wp-json\/wp\/v2\/categories?post=401374"},{"taxonomy":"post_tag","embeddable":true,"href":"http:\/\/desarrollo.grupomedios.com\/futbol\/wp-json\/wp\/v2\/tags?post=401374"}],"curies":[{"name":"wp","href":"https:\/\/api.w.org\/{rel}","templated":true}]}}