{"id":401376,"date":"2016-06-02T15:35:56","date_gmt":"2016-06-02T21:35:56","guid":{"rendered":"http:\/\/www.futboltotal.com.mx\/?p=401376"},"modified":"2016-06-02T15:39:33","modified_gmt":"2016-06-02T21:39:33","slug":"sergio-aguero-del-baldio-a-la-premier-league","status":"publish","type":"post","link":"http:\/\/desarrollo.grupomedios.com\/futbol\/videos\/sergio-aguero-del-baldio-a-la-premier-league\/2016\/06","title":{"rendered":"Sergio Ag\u00fcero, del bald\u00edo a la Premier League"},"content":{"rendered":"<p>En un d\u00eda como hoy, pero de 1988 naci\u00f3 en Bueno Aires, Argentina, <strong>Sergio Ag\u00fcero<\/strong>; hoy flamante delantero del <strong>Manchester City<\/strong> y de la <em>Albiceleste<\/em>; para llegar a este punto, <em>Kun<\/em> sufri\u00f3, ya que tuvo una infancia dif\u00edcil, sobre todo en el plano econ\u00f3mico.<\/p>\n<p><span style=\"color: #ff0000;\"><strong>VIDEO<\/strong>: Sergio Ag\u00fcero, del bald\u00edo a la Premier League<\/span><\/p>\n<p>[video_player]https:\/\/player.vimeo.com\/external\/169156543.sd.mp4?s=883add8fb6851950d04c5a3f5431a0043521de6c&amp;profile_id=165[\/video_player]<\/p>\n","protected":false},"excerpt":{"rendered":"<p>El argentino cumpli\u00f3 28 a\u00f1os de edad <\/p>\n","protected":false},"author":20,"featured_media":401383,"comment_status":"closed","ping_status":"closed","sticky":false,"template":"","format":"standard","meta":[],"categories":[3839,3846,4],"tags":[334,5992,6274],"_links":{"self":[{"href":"http:\/\/desarrollo.grupomedios.com\/futbol\/wp-json\/wp\/v2\/posts\/401376"}],"collection":[{"href":"http:\/\/desarrollo.grupomedios.com\/futbol\/wp-json\/wp\/v2\/posts"}],"about":[{"href":"http:\/\/desarrollo.grupomedios.com\/futbol\/wp-json\/wp\/v2\/types\/post"}],"author":[{"embeddable":true,"href":"http:\/\/desarrollo.grupomedios.com\/futbol\/wp-json\/wp\/v2\/users\/20"}],"replies":[{"embeddable":true,"href":"http:\/\/desarrollo.grupomedios.com\/futbol\/wp-json\/wp\/v2\/comments?post=401376"}],"version-history":[{"count":0,"href":"http:\/\/desarrollo.grupomedios.com\/futbol\/wp-json\/wp\/v2\/posts\/401376\/revisions"}],"wp:featuredmedia":[{"embeddable":true,"href":"http:\/\/desarrollo.grupomedios.com\/futbol\/wp-json\/wp\/v2\/media\/401383"}],"wp:attachment":[{"href":"http:\/\/desarrollo.grupomedios.com\/futbol\/wp-json\/wp\/v2\/media?parent=401376"}],"wp:term":[{"taxonomy":"category","embeddable":true,"href":"http:\/\/desarrollo.grupomedios.com\/futbol\/wp-json\/wp\/v2\/categories?post=401376"},{"taxonomy":"post_tag","embeddable":true,"href":"http:\/\/desarrollo.grupomedios.com\/futbol\/wp-json\/wp\/v2\/tags?post=401376"}],"curies":[{"name":"wp","href":"https:\/\/api.w.org\/{rel}","templated":true}]}}