{"id":401390,"date":"2016-06-02T16:06:30","date_gmt":"2016-06-02T22:06:30","guid":{"rendered":"http:\/\/www.futboltotal.com.mx\/?p=401390"},"modified":"2016-06-02T16:06:30","modified_gmt":"2016-06-02T22:06:30","slug":"copa-america-bellezas-sudamericanas-candidatas-a-novia-del-torneo-fabiola-perao-davalos","status":"publish","type":"post","link":"http:\/\/desarrollo.grupomedios.com\/futbol\/galerias\/copa-america-bellezas-sudamericanas-candidatas-a-novia-del-torneo-fabiola-perao-davalos\/2016\/06","title":{"rendered":"Las candidatas a novia de Copa Am\u00e9rica"},"content":{"rendered":"<p>La <strong>Copa Am\u00e9rica Centenario<\/strong> est\u00e1 a punto de comenzar, por ello, los equipos ya est\u00e1n preparados para iniciar su camino de la mejor manera posible, pero tambi\u00e9n, ya surgen candidatas para asumir el puesto de la novia del torneo, y entre las modelos mejor perfiladas se encuentran la paraguaya, <strong>Fabiola Mart\u00ednez<\/strong>; la brasile\u00f1a, <strong>Franciele Perao<\/strong> y las gemelas colombianas, <strong>Mariana y Camila D\u00e1valos<\/strong>.<\/p>\n<p>Las cuatro modelos sudamericanas son las serias candidatas a ganarse el t\u00edtulo de novia de la <strong>Copa Am\u00e9rica<\/strong>, de acuerdo a algunas revistas para caballeros, quienes postularon a estas bellezas por su afici\u00f3n al futbol. \u00bfEst\u00e1s de acuerdo con estas candidatas, <em>crack<\/em>?<\/p>\n<p style=\"text-align: center;\"><span style=\"color: #3366ff;\"><strong><a style=\"color: #3366ff;\" href=\"http:\/\/www.futboltotal.com.mx\/2016\/05\/copa-america-bellezas-sudamericanas-brenda-asnicar-argentina\/\">LEER M\u00c1S: Brenda Asnicar, otra belleza sudamericana con pasado pambolero<\/a><\/strong><\/span><\/p>\n<div id=\"galleryMSa\" style=\"display:none;\"><img alt=\"Fabiola Mart\u00ednez\" src=\"http:\/\/desarrollo.grupomedios.com\/futbol\/wp-content\/uploads\/2016\/06\/novia-copa-america-fabiola-martinez-1.png\" data-image=\"http:\/\/desarrollo.grupomedios.com\/futbol\/wp-content\/uploads\/2016\/06\/novia-copa-america-fabiola-martinez-1.png\" data-description=\"novia-copa-america-fabiola-martinez-1\"><img alt=\"\" src=\"http:\/\/desarrollo.grupomedios.com\/futbol\/wp-content\/uploads\/2016\/06\/novia-copa-america-fabiola-martinez-2.png\" data-image=\"http:\/\/desarrollo.grupomedios.com\/futbol\/wp-content\/uploads\/2016\/06\/novia-copa-america-fabiola-martinez-2.png\" data-description=\"novia-copa-america-fabiola-martinez-2\"><img alt=\"\" src=\"http:\/\/desarrollo.grupomedios.com\/futbol\/wp-content\/uploads\/2016\/06\/novia-copa-america-fabiola-martinez-3.png\" data-image=\"http:\/\/desarrollo.grupomedios.com\/futbol\/wp-content\/uploads\/2016\/06\/novia-copa-america-fabiola-martinez-3.png\" data-description=\"novia-copa-america-fabiola-martinez-3\"><img alt=\"\" src=\"http:\/\/desarrollo.grupomedios.com\/futbol\/wp-content\/uploads\/2016\/06\/novia-copa-america-fabiola-martinez.png\" data-image=\"http:\/\/desarrollo.grupomedios.com\/futbol\/wp-content\/uploads\/2016\/06\/novia-copa-america-fabiola-martinez.png\" data-description=\"novia-copa-america-fabiola-martinez\"><img alt=\"Franciele Perao\" src=\"http:\/\/desarrollo.grupomedios.com\/futbol\/wp-content\/uploads\/2016\/06\/novia-copa-america-franciele-perao-1.png\" data-image=\"http:\/\/desarrollo.grupomedios.com\/futbol\/wp-content\/uploads\/2016\/06\/novia-copa-america-franciele-perao-1.png\" data-description=\"novia-copa-america-franciele-perao-1\"><img alt=\"\" src=\"http:\/\/desarrollo.grupomedios.com\/futbol\/wp-content\/uploads\/2016\/06\/novia-copa-america-franciele-perao-2.png\" data-image=\"http:\/\/desarrollo.grupomedios.com\/futbol\/wp-content\/uploads\/2016\/06\/novia-copa-america-franciele-perao-2.png\" data-description=\"novia-copa-america-franciele-perao-2\"><img alt=\"\" src=\"http:\/\/desarrollo.grupomedios.com\/futbol\/wp-content\/uploads\/2016\/06\/novia-copa-america-franciele-perao-3.png\" data-image=\"http:\/\/desarrollo.grupomedios.com\/futbol\/wp-content\/uploads\/2016\/06\/novia-copa-america-franciele-perao-3.png\" data-description=\"novia-copa-america-franciele-perao-3\"><img alt=\"\" src=\"http:\/\/desarrollo.grupomedios.com\/futbol\/wp-content\/uploads\/2016\/06\/novia-copa-america-franciele-perao.png\" data-image=\"http:\/\/desarrollo.grupomedios.com\/futbol\/wp-content\/uploads\/2016\/06\/novia-copa-america-franciele-perao.png\" data-description=\"novia-copa-america-franciele-perao\"><img alt=\"Camila y Mariana D\u00e1valos\" src=\"http:\/\/desarrollo.grupomedios.com\/futbol\/wp-content\/uploads\/2016\/06\/novia-copa-america-gemelas-davalos-1.png\" data-image=\"http:\/\/desarrollo.grupomedios.com\/futbol\/wp-content\/uploads\/2016\/06\/novia-copa-america-gemelas-davalos-1.png\" data-description=\"novia-copa-america-gemelas-davalos-1\"><img alt=\"\" src=\"http:\/\/desarrollo.grupomedios.com\/futbol\/wp-content\/uploads\/2016\/06\/novia-copa-america-gemelas-davalos-2.png\" data-image=\"http:\/\/desarrollo.grupomedios.com\/futbol\/wp-content\/uploads\/2016\/06\/novia-copa-america-gemelas-davalos-2.png\" data-description=\"novia-copa-america-gemelas-davalos-2\"><img alt=\"\" src=\"http:\/\/desarrollo.grupomedios.com\/futbol\/wp-content\/uploads\/2016\/06\/novia-copa-america-gemelas-davalos-3.png\" data-image=\"http:\/\/desarrollo.grupomedios.com\/futbol\/wp-content\/uploads\/2016\/06\/novia-copa-america-gemelas-davalos-3.png\" data-description=\"novia-copa-america-gemelas-davalos-3\"><img alt=\"\" src=\"http:\/\/desarrollo.grupomedios.com\/futbol\/wp-content\/uploads\/2016\/06\/novia-copa-america-gemelas-davalos.png\" data-image=\"http:\/\/desarrollo.grupomedios.com\/futbol\/wp-content\/uploads\/2016\/06\/novia-copa-america-gemelas-davalos.png\" data-description=\"novia-copa-america-gemelas-davalos\"><\/div>\n        <script>\n        \/\/galeria 1\n        jQuery(document).ready(function(){ \n            var api;\n            api = jQuery(\"#galleryMSa\").unitegallery({\n                carousel_autoplay: false\n            }); \n        });\n        <\/script>\n        \n","protected":false},"excerpt":{"rendered":"<p>Se perfilan Franciele Perao, Fabiola Mart\u00ednez y las gemelas D\u00e1valos <\/p>\n","protected":false},"author":20,"featured_media":401392,"comment_status":"closed","ping_status":"closed","sticky":false,"template":"","format":"standard","meta":[],"categories":[6408,5422,6950,6955,3],"tags":[2033,2130],"_links":{"self":[{"href":"http:\/\/desarrollo.grupomedios.com\/futbol\/wp-json\/wp\/v2\/posts\/401390"}],"collection":[{"href":"http:\/\/desarrollo.grupomedios.com\/futbol\/wp-json\/wp\/v2\/posts"}],"about":[{"href":"http:\/\/desarrollo.grupomedios.com\/futbol\/wp-json\/wp\/v2\/types\/post"}],"author":[{"embeddable":true,"href":"http:\/\/desarrollo.grupomedios.com\/futbol\/wp-json\/wp\/v2\/users\/20"}],"replies":[{"embeddable":true,"href":"http:\/\/desarrollo.grupomedios.com\/futbol\/wp-json\/wp\/v2\/comments?post=401390"}],"version-history":[{"count":0,"href":"http:\/\/desarrollo.grupomedios.com\/futbol\/wp-json\/wp\/v2\/posts\/401390\/revisions"}],"wp:featuredmedia":[{"embeddable":true,"href":"http:\/\/desarrollo.grupomedios.com\/futbol\/wp-json\/wp\/v2\/media\/401392"}],"wp:attachment":[{"href":"http:\/\/desarrollo.grupomedios.com\/futbol\/wp-json\/wp\/v2\/media?parent=401390"}],"wp:term":[{"taxonomy":"category","embeddable":true,"href":"http:\/\/desarrollo.grupomedios.com\/futbol\/wp-json\/wp\/v2\/categories?post=401390"},{"taxonomy":"post_tag","embeddable":true,"href":"http:\/\/desarrollo.grupomedios.com\/futbol\/wp-json\/wp\/v2\/tags?post=401390"}],"curies":[{"name":"wp","href":"https:\/\/api.w.org\/{rel}","templated":true}]}}