{"id":401393,"date":"2016-06-02T16:06:08","date_gmt":"2016-06-02T22:06:08","guid":{"rendered":"http:\/\/www.futboltotal.com.mx\/?p=401393"},"modified":"2016-06-02T16:06:08","modified_gmt":"2016-06-02T22:06:08","slug":"sao-paulo-busca-a-benedetto","status":"publish","type":"post","link":"http:\/\/desarrollo.grupomedios.com\/futbol\/futbol-mexicano\/sao-paulo-busca-a-benedetto\/2016\/06","title":{"rendered":"Sao Paulo tambi\u00e9n busca a Benedetto"},"content":{"rendered":"<p>Luego de aparecer en la <a href=\"http:\/\/www.futboltotal.com.mx\/2016\/06\/rifle-andrade-transferible-del-america\/\" target=\"_blank\">lista de transferibles<\/a> del <strong><a href=\"http:\/\/futboltotal.com.mx\/equipos\/america\/\" target=\"_blank\">Am\u00e9rica<\/a><\/strong>, <strong>Dar\u00edo Benedetto<\/strong> se convirti\u00f3 en objeto de deseo no s\u00f3lo de equipos mexicanos, sino de extranjeros, uno de ellos es Boca Juniors que ya puso una oferta por el delantero, pero a la pugna se uni\u00f3 Sao Paulo.<\/p>\n<p>El club brasile\u00f1o habr\u00eda puesto\u00a0cinco millones de d\u00f3lares por <em>Pipa<\/em>, lo cual supera los tres que puso en la mesa el conjunto <em>xeneize<\/em>.<\/p>\n<blockquote class=\"twitter-tweet\" data-lang=\"es\">\n<p dir=\"ltr\" lang=\"es\">Revive todos los goles de nuestras \u00c1guilas durante el Clausura 2016 \u27a1<a href=\"https:\/\/t.co\/B6TtiaHi0k\">https:\/\/t.co\/B6TtiaHi0k<\/a> <a href=\"https:\/\/t.co\/21YS5Kep4B\">pic.twitter.com\/21YS5Kep4B<\/a><\/p>\n<p>\u2014 Club Am\u00e9rica (@ClubAmerica) <a href=\"https:\/\/twitter.com\/ClubAmerica\/status\/738445328869928963\">2 de junio de 2016<\/a><\/p><\/blockquote>\n<p><script src=\"\/\/platform.twitter.com\/widgets.js\" async=\"\" charset=\"utf-8\"><\/script><\/p>\n<p><strong>Benedetto<\/strong> tambi\u00e9n est\u00e1 en la mira de Santos Laguna que tiene en mente adquirir por completo los derechos deportivos del ariete que pidiera su salida ante la poca actividad en el <em>Nido<\/em>, consecuencia del torneo que vivieron Oribe Peralta y Darwin Quintero.<\/p>\n<p>Si bien el vicepresidente deportivo del Cruz Azul, Eduardo de la Torre, neg\u00f3 sue\u00f1en con hacerse con el atacante, pero rumores indican que la <em>M\u00e1quina<\/em> ya present\u00f3 un monto que estar\u00eda dispuesta a pagar.<\/p>\n<p><span style=\"color: #ff0000;\"><strong>VIDEO<\/strong>: Las 10 cosas que no sabias de Chicharito<\/span><br \/>\n[video_player]https:\/\/player.vimeo.com\/external\/168955702.sd.mp4?s=7c2ede2f28850b9a1bb8f2ff29693878d55c4ac0&amp;profile_id=165[\/video_player]<\/p>\n","protected":false},"excerpt":{"rendered":"<p>El club brasile\u00f1o pagar\u00eda cinco millones de d\u00f3lares <\/p>\n","protected":false},"author":20,"featured_media":401399,"comment_status":"closed","ping_status":"closed","sticky":false,"template":"","format":"standard","meta":[],"categories":[2198,3845,5950],"tags":[5959,3876],"_links":{"self":[{"href":"http:\/\/desarrollo.grupomedios.com\/futbol\/wp-json\/wp\/v2\/posts\/401393"}],"collection":[{"href":"http:\/\/desarrollo.grupomedios.com\/futbol\/wp-json\/wp\/v2\/posts"}],"about":[{"href":"http:\/\/desarrollo.grupomedios.com\/futbol\/wp-json\/wp\/v2\/types\/post"}],"author":[{"embeddable":true,"href":"http:\/\/desarrollo.grupomedios.com\/futbol\/wp-json\/wp\/v2\/users\/20"}],"replies":[{"embeddable":true,"href":"http:\/\/desarrollo.grupomedios.com\/futbol\/wp-json\/wp\/v2\/comments?post=401393"}],"version-history":[{"count":0,"href":"http:\/\/desarrollo.grupomedios.com\/futbol\/wp-json\/wp\/v2\/posts\/401393\/revisions"}],"wp:featuredmedia":[{"embeddable":true,"href":"http:\/\/desarrollo.grupomedios.com\/futbol\/wp-json\/wp\/v2\/media\/401399"}],"wp:attachment":[{"href":"http:\/\/desarrollo.grupomedios.com\/futbol\/wp-json\/wp\/v2\/media?parent=401393"}],"wp:term":[{"taxonomy":"category","embeddable":true,"href":"http:\/\/desarrollo.grupomedios.com\/futbol\/wp-json\/wp\/v2\/categories?post=401393"},{"taxonomy":"post_tag","embeddable":true,"href":"http:\/\/desarrollo.grupomedios.com\/futbol\/wp-json\/wp\/v2\/tags?post=401393"}],"curies":[{"name":"wp","href":"https:\/\/api.w.org\/{rel}","templated":true}]}}