{"id":401496,"date":"2016-06-02T19:37:41","date_gmt":"2016-06-03T01:37:41","guid":{"rendered":"http:\/\/www.futboltotal.com.mx\/?p=401496"},"modified":"2016-06-02T19:41:08","modified_gmt":"2016-06-03T01:41:08","slug":"fallece-torero-rodolfo-rodriguez-pana","status":"publish","type":"post","link":"http:\/\/desarrollo.grupomedios.com\/futbol\/no-todo-es-futbol\/fallece-torero-rodolfo-rodriguez-pana\/2016\/06","title":{"rendered":"Fallece Rodolfo Rodr\u00edguez &#8216;El Pana&#8217;"},"content":{"rendered":"<p>Este jueves 2 de junio, el mundo de la tauromaquia le dijo adi\u00f3s a uno de sus representantes hist\u00f3ricos en M\u00e9xico, el torero tlaxcalteca, <strong>Rodolfo Rodr\u00edguez El Pana<\/strong>, quien perdi\u00f3 la vida a los 64 a\u00f1os, debido a un paro respiratorio.<\/p>\n<p>Hace justamente un mes, <strong>El Pana<\/strong> a\u00fan participaba en corridas de Toros, cuando sufri\u00f3 un percance en la Plaza Lerdo de Durango, en el que un toro lo dej\u00f3 inconsciente. <strong>Rodolfo Rodr\u00edguez<\/strong> permaneci\u00f3 hospitalizado al ser declarado en estado tetrapl\u00e9jico.<\/p>\n<p style=\"text-align: center;\"><span style=\"color: #3366ff;\"><strong><a style=\"color: #3366ff;\" href=\"http:\/\/www.futboltotal.com.mx\/2016\/05\/campuzano-abanderada-mexico-en-rio-2016\/\" target=\"_blank\">LEER M\u00c1S: Conoce qui\u00e9n ser\u00e1 abanderado de M\u00e9xico en Juegos Ol\u00edmpicos<\/a><\/strong><\/span><\/p>\n<p>Horas antes del deceso, el doctor Francisco Preciado, director del Hospital Civil de Guadalajara y jefe de los servicios m\u00e9dicos de la plaza Nuevo Progreso de Guadalajara, hab\u00eda informado, que <strong>Rodolfo Rodr\u00edguez<\/strong> presentaba una presi\u00f3n arterial y frecuencia cardiaca baja, con estado de \u00e1nimo muy deprimido.<\/p>\n<p>A las 18:45, <strong>El Pana, <\/strong>originario de Apizaco, Tlaxcala, dej\u00f3 este mundo, para unirse al para\u00edso de las corridas de Toros, donde lo esperan otros \u00eddolos de aquel deporte controversial.<\/p>\n","protected":false},"excerpt":{"rendered":"<p>El torero tlaxcalteca, perdi\u00f3 la vida a los 64 a\u00f1os<\/p>\n","protected":false},"author":20,"featured_media":401498,"comment_status":"closed","ping_status":"closed","sticky":false,"template":"","format":"standard","meta":[],"categories":[5418,6411],"tags":[7147,5771],"_links":{"self":[{"href":"http:\/\/desarrollo.grupomedios.com\/futbol\/wp-json\/wp\/v2\/posts\/401496"}],"collection":[{"href":"http:\/\/desarrollo.grupomedios.com\/futbol\/wp-json\/wp\/v2\/posts"}],"about":[{"href":"http:\/\/desarrollo.grupomedios.com\/futbol\/wp-json\/wp\/v2\/types\/post"}],"author":[{"embeddable":true,"href":"http:\/\/desarrollo.grupomedios.com\/futbol\/wp-json\/wp\/v2\/users\/20"}],"replies":[{"embeddable":true,"href":"http:\/\/desarrollo.grupomedios.com\/futbol\/wp-json\/wp\/v2\/comments?post=401496"}],"version-history":[{"count":0,"href":"http:\/\/desarrollo.grupomedios.com\/futbol\/wp-json\/wp\/v2\/posts\/401496\/revisions"}],"wp:featuredmedia":[{"embeddable":true,"href":"http:\/\/desarrollo.grupomedios.com\/futbol\/wp-json\/wp\/v2\/media\/401498"}],"wp:attachment":[{"href":"http:\/\/desarrollo.grupomedios.com\/futbol\/wp-json\/wp\/v2\/media?parent=401496"}],"wp:term":[{"taxonomy":"category","embeddable":true,"href":"http:\/\/desarrollo.grupomedios.com\/futbol\/wp-json\/wp\/v2\/categories?post=401496"},{"taxonomy":"post_tag","embeddable":true,"href":"http:\/\/desarrollo.grupomedios.com\/futbol\/wp-json\/wp\/v2\/tags?post=401496"}],"curies":[{"name":"wp","href":"https:\/\/api.w.org\/{rel}","templated":true}]}}