{"id":401528,"date":"2016-06-02T20:44:02","date_gmt":"2016-06-03T02:44:02","guid":{"rendered":"http:\/\/www.futboltotal.com.mx\/?p=401528"},"modified":"2016-06-02T20:46:56","modified_gmt":"2016-06-03T02:46:56","slug":"montanistas-mexicanos-buscan-ondear-bandera-mexicana-en-la-cima-del-k2","status":"publish","type":"post","link":"http:\/\/desarrollo.grupomedios.com\/futbol\/no-todo-es-futbol\/montanistas-mexicanos-buscan-ondear-bandera-mexicana-en-la-cima-del-k2\/2016\/06","title":{"rendered":"Monta\u00f1istas mexicanos buscan haza\u00f1a"},"content":{"rendered":"<p>Como parte del proyecto, que tiene como finalidad alcanzar la cima de las 14 monta\u00f1as m\u00e1s altas del mundo, <strong>Bad\u00eda Bonilla<\/strong> y <strong>Mauricio L\u00f3pez<\/strong>, monta\u00f1istas mexicanos, anunciaron la fase del proyecto que m\u00e1s reto f\u00edsico, mental y emocional, representa: la conquista del <strong>K2<\/strong>.<\/p>\n<p>La monta\u00f1a considerada la m\u00e1s peligrosa del mundo, la temida K2, ubicada en Pakist\u00e1n, busca ser conquistada por dos monta\u00f1istas mexicanos quienes quieren hacer historia al ondear la bandera mexicana en la cima.<\/p>\n<p>Una vez que los monta\u00f1istas alcancen la cima, <strong>Bad\u00eda Bonilla<\/strong> ostentar\u00e1 el t\u00edtulo de la primera mujer mexicana y de Am\u00e9rica en haber logrado la haza\u00f1a.<\/p>\n<p style=\"text-align: center;\"><span style=\"color: #3366ff;\"><strong><a style=\"color: #3366ff;\" href=\"http:\/\/www.futboltotal.com.mx\/2016\/06\/fallece-torero-rodolfo-rodriguez-pana\/\" target=\"_blank\">LEER M\u00c1S: Fallece torero mexicano<\/a><\/strong><\/span><\/p>\n<p>Para enfrentar el reto, los atletas confiaron parte importante de su acondicionamiento f\u00edsico a <em>Sport City<\/em>, filial de <strong>Grupo Mart\u00ed<\/strong>, en donde el entrenamiento tuvo una base de ejercicios anaer\u00f3bicos y de fuerza, principalmente, dise\u00f1ado en colaboraci\u00f3n del entrenador Profr. Luis Haro y la Cl\u00ednica Cerebro.<\/p>\n<p>La preparaci\u00f3n incluy\u00f3 carreras de larga distancia y ascenso a los volcanes de M\u00e9xico, con un estricto r\u00e9gimen alimenticio que inici\u00f3 12 meses atr\u00e1s.<\/p>\n<p>&#8220;Conozco y he sido espectador de algunas de las historias de la K2, ahora me corresponde escribir<br \/>\nla propia, no solo en el plano personal, sino tambi\u00e9n porque considero que represento el esp\u00edritu<br \/>\nde lucha de los mexicanos&#8221;, mencion\u00f3 <strong>Mauricio L\u00f3pez<\/strong>, monta\u00f1ista mexicano.<\/p>\n","protected":false},"excerpt":{"rendered":"<p>Bad\u00eda Bonilla y Mauricio L\u00f3pez quien llegar a la cima del K2<\/p>\n","protected":false},"author":20,"featured_media":401530,"comment_status":"closed","ping_status":"closed","sticky":false,"template":"","format":"standard","meta":[],"categories":[5418,6411],"tags":[5771],"_links":{"self":[{"href":"http:\/\/desarrollo.grupomedios.com\/futbol\/wp-json\/wp\/v2\/posts\/401528"}],"collection":[{"href":"http:\/\/desarrollo.grupomedios.com\/futbol\/wp-json\/wp\/v2\/posts"}],"about":[{"href":"http:\/\/desarrollo.grupomedios.com\/futbol\/wp-json\/wp\/v2\/types\/post"}],"author":[{"embeddable":true,"href":"http:\/\/desarrollo.grupomedios.com\/futbol\/wp-json\/wp\/v2\/users\/20"}],"replies":[{"embeddable":true,"href":"http:\/\/desarrollo.grupomedios.com\/futbol\/wp-json\/wp\/v2\/comments?post=401528"}],"version-history":[{"count":0,"href":"http:\/\/desarrollo.grupomedios.com\/futbol\/wp-json\/wp\/v2\/posts\/401528\/revisions"}],"wp:featuredmedia":[{"embeddable":true,"href":"http:\/\/desarrollo.grupomedios.com\/futbol\/wp-json\/wp\/v2\/media\/401530"}],"wp:attachment":[{"href":"http:\/\/desarrollo.grupomedios.com\/futbol\/wp-json\/wp\/v2\/media?parent=401528"}],"wp:term":[{"taxonomy":"category","embeddable":true,"href":"http:\/\/desarrollo.grupomedios.com\/futbol\/wp-json\/wp\/v2\/categories?post=401528"},{"taxonomy":"post_tag","embeddable":true,"href":"http:\/\/desarrollo.grupomedios.com\/futbol\/wp-json\/wp\/v2\/tags?post=401528"}],"curies":[{"name":"wp","href":"https:\/\/api.w.org\/{rel}","templated":true}]}}