{"id":401539,"date":"2016-06-03T08:11:27","date_gmt":"2016-06-03T14:11:27","guid":{"rendered":"http:\/\/www.futboltotal.com.mx\/?p=401539"},"modified":"2016-06-03T09:11:42","modified_gmt":"2016-06-03T15:11:42","slug":"secuestradores-pulido-sabian-era","status":"publish","type":"post","link":"http:\/\/desarrollo.grupomedios.com\/futbol\/destacado-home\/secuestradores-pulido-sabian-era\/2016\/06","title":{"rendered":"Secuestradores de Pulido no sab\u00edan qui\u00e9n era"},"content":{"rendered":"<p>Armando <strong>Pulido<\/strong>, hermano de Alan, cont\u00f3 las situaciones que \u00e9ste le dijo sobre la forma en que era tratado por los secuestradores al momento de estar privado de su libertad y platic\u00f3 que no sab\u00edan a qui\u00e9n ten\u00edan <strong>secuestrado<\/strong> en la casa.<\/p>\n<p>&#8220;Yo siento que no sab\u00edan qui\u00e9n era. Le quitaron la mordaza, pero la venda siempre la trajo, se iba cayendo y por eso ten\u00eda tallada la nariz pero cuando pod\u00eda ver c\u00f3mo estaba la situaci\u00f3n y el cuarto se la volv\u00edan a apretar.<\/p>\n<p>&#8220;Est\u00e1bamos en la fiesta y \u00e9l ya se quer\u00eda ir, le dije que me esperara pero no quiso y se adelant\u00f3, le habl\u00f3 al chofer para que le comprara unos tacos y ah\u00ed fue donde todo comenz\u00f3&#8221;, platico Armando en una entrevista con la conductora Adela Micha.<\/p>\n<p style=\"text-align: center;\"><span style=\"color: #3366ff;\">LEER M\u00c1S:\u00a0<a style=\"color: #3366ff;\" href=\"http:\/\/www.futboltotal.com.mx\/2016\/05\/detienen-al-autor-del-secuestro-alan-pulido\/\">Detienen al autor del secuestro de Alan Pulido<\/a><\/span><\/p>\n<p>El hermano de <strong>Pulido<\/strong> tambi\u00e9n habl\u00f3 sobre las negociaciones que tuvieron con los secuestradores para pedir el rescate del jugador de Olympiacos y la fuerte cantidad de dinero que le ped\u00edan, pues \u00e9l fue quien estuvo a cargo de llevar el proceso de negociaci\u00f3n.<\/p>\n<p>&#8220;Hasta las dos de la tarde un t\u00edo recibi\u00f3 la llamada de los secuestradores, un hermano de mi mam\u00e1, y ped\u00edan 6 millones de pesos, pero quer\u00edan hablar con mi pap\u00e1 o mi mam\u00e1&#8221;.<\/p>\n<p>&#8220;Entra la primera llamada a las dos de la tarde, contest\u00f3 y me empiezan a decir que ped\u00edan el dinero lo m\u00e1s pronto para liberarlo, me dijeron que le hiciera como quisiera pero siempre les dije que era imposible conseguir esa cantidad. En un momento de desesperaci\u00f3n les dije que a la mano ten\u00eda 200 mil pesos, lo juntamos pero no quisieron&#8221;, cuenta.<\/p>\n<p>&#8220;Empezamos a negociar y me dijeron que con 200 mil pesos no me aceptaban, les colgu\u00e9, eran las 11 de la noche y ya no recibimos llamadas; entonces como a los 40 minutos me marcan de la agencia para felicitarme y decirme que mi hermano se escap\u00f3 y ya iba para las oficinas y a salvo&#8221;.<\/p>\n<p><img decoding=\"async\" loading=\"lazy\" class=\"alignnone size-full wp-image-401546\" src=\"http:\/\/www.futboltotal.com.mx\/wp-content\/uploads\/2016\/06\/ALAN-PULIDO-SEC.jpg\" alt=\"ALAN-PULIDO-SEC\" srcset=\"http:\/\/desarrollo.grupomedios.com\/futbol\/wp-content\/uploads\/2016\/06\/ALAN-PULIDO-SEC.jpg 858w, http:\/\/desarrollo.grupomedios.com\/futbol\/wp-content\/uploads\/2016\/06\/ALAN-PULIDO-SEC-300x151.jpg 300w, http:\/\/desarrollo.grupomedios.com\/futbol\/wp-content\/uploads\/2016\/06\/ALAN-PULIDO-SEC-768x386.jpg 768w\" sizes=\"(max-width: 858px) 100vw, 858px\" \/><\/p>\n<p>&#8220;\u00c9l vio la oportunidad cuando le tomaron fotos para mandarlas, trat\u00f3 de ver un poco m\u00e1s porque sent\u00eda la desesperacion y crey\u00f3 que lo iban a matar, se le vino el mundo encima, agarr\u00f3 una fuerza, vio un descuido porque el otro tipo estaba con el tel\u00e9fono, ya se hab\u00eda liberado de los tobillos y de las manos, se levanta de la cama, empuja a uno, forcejearon, le quit\u00f3 el tel\u00e9fono y le empez\u00f3 a dar de patadas.<\/p>\n<p>&#8220;El otro sale corriendo, lo encierran y entonces trat\u00f3 de abrir la ventana, se lastim\u00f3 la mano pero ya ven\u00edan las luces de la fuerza y fue cuando rompi\u00f3 otro vidrio y ya lo auxilian&#8221;.<\/p>\n<p>En la entrevista para el programa\u00a0<em>La entrevista con Adela,\u00a0<\/em>el ex jugador de Tigres era quien principalmente iba a dar su testimonio, pero despu\u00e9s se neg\u00f3 ya que argumentaba no sentirse bien para hablar sobre el tema del que reci\u00e9n sigue tocado, por que su hermano se ofreci\u00f3 para hablar.<\/p>\n<p><iframe loading=\"lazy\" src=\"https:\/\/www.youtube.com\/embed\/E7zScQj-k5U\" frameborder=\"0\" allowfullscreen=\"allowfullscreen\"><\/iframe><\/p>\n","protected":false},"excerpt":{"rendered":"<p>Su hermano explic\u00f3 lo que vivi\u00f3 el jugador<\/p>\n","protected":false},"author":20,"featured_media":401038,"comment_status":"closed","ping_status":"closed","sticky":false,"template":"","format":"standard","meta":[],"categories":[5,2198],"tags":[1607,6091,7149],"_links":{"self":[{"href":"http:\/\/desarrollo.grupomedios.com\/futbol\/wp-json\/wp\/v2\/posts\/401539"}],"collection":[{"href":"http:\/\/desarrollo.grupomedios.com\/futbol\/wp-json\/wp\/v2\/posts"}],"about":[{"href":"http:\/\/desarrollo.grupomedios.com\/futbol\/wp-json\/wp\/v2\/types\/post"}],"author":[{"embeddable":true,"href":"http:\/\/desarrollo.grupomedios.com\/futbol\/wp-json\/wp\/v2\/users\/20"}],"replies":[{"embeddable":true,"href":"http:\/\/desarrollo.grupomedios.com\/futbol\/wp-json\/wp\/v2\/comments?post=401539"}],"version-history":[{"count":0,"href":"http:\/\/desarrollo.grupomedios.com\/futbol\/wp-json\/wp\/v2\/posts\/401539\/revisions"}],"wp:featuredmedia":[{"embeddable":true,"href":"http:\/\/desarrollo.grupomedios.com\/futbol\/wp-json\/wp\/v2\/media\/401038"}],"wp:attachment":[{"href":"http:\/\/desarrollo.grupomedios.com\/futbol\/wp-json\/wp\/v2\/media?parent=401539"}],"wp:term":[{"taxonomy":"category","embeddable":true,"href":"http:\/\/desarrollo.grupomedios.com\/futbol\/wp-json\/wp\/v2\/categories?post=401539"},{"taxonomy":"post_tag","embeddable":true,"href":"http:\/\/desarrollo.grupomedios.com\/futbol\/wp-json\/wp\/v2\/tags?post=401539"}],"curies":[{"name":"wp","href":"https:\/\/api.w.org\/{rel}","templated":true}]}}