{"id":401555,"date":"2016-06-03T11:16:23","date_gmt":"2016-06-03T17:16:23","guid":{"rendered":"http:\/\/www.futboltotal.com.mx\/?p=401555"},"modified":"2016-06-03T11:16:40","modified_gmt":"2016-06-03T17:16:40","slug":"campeon-leicester-nuevo-refuerzo","status":"publish","type":"post","link":"http:\/\/desarrollo.grupomedios.com\/futbol\/futbol-internacional\/campeon-leicester-nuevo-refuerzo\/2016\/06","title":{"rendered":"El Campe\u00f3n Leicester tiene nuevo refuerzo"},"content":{"rendered":"<p>El actual Campe\u00f3n de Inglaterra, <strong>Leicester City<\/strong>, hizo oficial la contrataci\u00f3n del experimentado portero alem\u00e1n <strong>Ron-Robert Zieler<\/strong>, que hasta la \u00faltima temporada defendi\u00f3 la porter\u00eda del Hanover 96.<\/p>\n<blockquote class=\"twitter-tweet\" data-lang=\"es\">\n<p dir=\"ltr\" lang=\"en\">BREAKING: <a href=\"https:\/\/twitter.com\/hashtag\/lcfc?src=hash\">#lcfc<\/a> sign goalkeeper Ron-Robert Zieler from Hannover 96 for an undisclosed fee. <a href=\"https:\/\/twitter.com\/hashtag\/WelcomeRon?src=hash\">#WelcomeRon<\/a> <a href=\"https:\/\/t.co\/c2LJFM5VoL\">pic.twitter.com\/c2LJFM5VoL<\/a><\/p>\n<p>\u2014 Leicester City (@LCFC) <a href=\"https:\/\/twitter.com\/LCFC\/status\/738679187620368384\">3 de junio de 2016<\/a><\/p><\/blockquote>\n<p><script src=\"\/\/platform.twitter.com\/widgets.js\" async=\"\" charset=\"utf-8\"><\/script><\/p>\n<p>Los\u00a0<em>Foxes\u00a0<\/em>destacaron en su cuenta oficial que el arquero fue parte del t\u00edtulo mundial que Alemania gan\u00f3 en la Copa del Mundo de Brasil 2014. El monto del traspaso no se dio a conocer pero s\u00ed que firm\u00f3 un contrato hasta el 2020 con el Campe\u00f3n de la Premier League.<\/p>\n<p>&#8220;Es bueno venir a <strong>Leicester<\/strong> y unirme al club despu\u00e9s de que tuvieran una gran temporada. Es bueno ser parte del <strong>Leicester City<\/strong>. He estado en el estadio del equipo y mi primera impresi\u00f3n ha sido muy buena&#8221;, declar\u00f3 Zieler.<\/p>\n<p><img decoding=\"async\" loading=\"lazy\" class=\"alignnone size-full wp-image-401556\" src=\"http:\/\/www.futboltotal.com.mx\/wp-content\/uploads\/2016\/06\/Leicester-nuevo-fichaje.jpg\" alt=\"Leicester-nuevo-fichaje\" srcset=\"http:\/\/desarrollo.grupomedios.com\/futbol\/wp-content\/uploads\/2016\/06\/Leicester-nuevo-fichaje.jpg 858w, http:\/\/desarrollo.grupomedios.com\/futbol\/wp-content\/uploads\/2016\/06\/Leicester-nuevo-fichaje-300x151.jpg 300w, http:\/\/desarrollo.grupomedios.com\/futbol\/wp-content\/uploads\/2016\/06\/Leicester-nuevo-fichaje-768x386.jpg 768w\" sizes=\"(max-width: 858px) 100vw, 858px\" \/><\/p>\n<p>El arquero de 27 a\u00f1os regresar\u00e1 a Inglaterra despu\u00e9s de tuvo la oportunidad de jugar en las inferiores del Manchester United y ser considerado uno de los mejores porteros alemanes.<\/p>\n<p>Con su llegada, ahora se sospecha la salida del arquero dan\u00e9s Peter Schmeichel, quien suena para reforzar a equipos como el Barcelona y el Manchester City.<\/p>\n","protected":false},"excerpt":{"rendered":"<p>El Campe\u00f3n de la Premir League tiene nuevo guardameta<\/p>\n","protected":false},"author":20,"featured_media":401557,"comment_status":"closed","ping_status":"closed","sticky":false,"template":"","format":"standard","meta":[],"categories":[3839,3846,5951],"tags":[775,334,4010],"_links":{"self":[{"href":"http:\/\/desarrollo.grupomedios.com\/futbol\/wp-json\/wp\/v2\/posts\/401555"}],"collection":[{"href":"http:\/\/desarrollo.grupomedios.com\/futbol\/wp-json\/wp\/v2\/posts"}],"about":[{"href":"http:\/\/desarrollo.grupomedios.com\/futbol\/wp-json\/wp\/v2\/types\/post"}],"author":[{"embeddable":true,"href":"http:\/\/desarrollo.grupomedios.com\/futbol\/wp-json\/wp\/v2\/users\/20"}],"replies":[{"embeddable":true,"href":"http:\/\/desarrollo.grupomedios.com\/futbol\/wp-json\/wp\/v2\/comments?post=401555"}],"version-history":[{"count":0,"href":"http:\/\/desarrollo.grupomedios.com\/futbol\/wp-json\/wp\/v2\/posts\/401555\/revisions"}],"wp:featuredmedia":[{"embeddable":true,"href":"http:\/\/desarrollo.grupomedios.com\/futbol\/wp-json\/wp\/v2\/media\/401557"}],"wp:attachment":[{"href":"http:\/\/desarrollo.grupomedios.com\/futbol\/wp-json\/wp\/v2\/media?parent=401555"}],"wp:term":[{"taxonomy":"category","embeddable":true,"href":"http:\/\/desarrollo.grupomedios.com\/futbol\/wp-json\/wp\/v2\/categories?post=401555"},{"taxonomy":"post_tag","embeddable":true,"href":"http:\/\/desarrollo.grupomedios.com\/futbol\/wp-json\/wp\/v2\/tags?post=401555"}],"curies":[{"name":"wp","href":"https:\/\/api.w.org\/{rel}","templated":true}]}}