{"id":401570,"date":"2016-06-03T12:36:36","date_gmt":"2016-06-03T18:36:36","guid":{"rendered":"http:\/\/www.futboltotal.com.mx\/?p=401570"},"modified":"2016-06-03T12:41:42","modified_gmt":"2016-06-03T18:41:42","slug":"marc-bartra-sale-del-barcelona-ira-a-alemania","status":"publish","type":"post","link":"http:\/\/desarrollo.grupomedios.com\/futbol\/futbol-internacional\/marc-bartra-sale-del-barcelona-ira-a-alemania\/2016\/06","title":{"rendered":"Marc Bartra sale del Barcelona, ir\u00e1 a Alemania"},"content":{"rendered":"<p>El <strong>Borussia Dortmund<\/strong> ya tiene sustituto de Mats Hummels en la central, el espa\u00f1ol <strong>Marc Bartra<\/strong>, es nuevo jugador del conjunto alem\u00e1n, as\u00ed lo inform\u00f3 el <strong>Barcelona<\/strong><em>\u00a0<\/em>mediante un comunicado.<\/p>\n<blockquote class=\"twitter-tweet\" data-lang=\"es\">\n<p dir=\"ltr\" lang=\"pt\">[\u00daLTIMA HORA]: Comunicado sobre <a href=\"https:\/\/twitter.com\/MarcBartra\">@MarcBartra<\/a><a href=\"https:\/\/t.co\/paBO33TpuS\">https:\/\/t.co\/paBO33TpuS<\/a><a href=\"https:\/\/twitter.com\/hashtag\/FCBlive?src=hash\">#FCBlive<\/a><a href=\"https:\/\/t.co\/FV5tdIvAmE\">pic.twitter.com\/FV5tdIvAmE<\/a><\/p>\n<p>\u2014 FC Barcelona (@FCBarcelona_es) <a href=\"https:\/\/twitter.com\/FCBarcelona_es\/status\/738788663212048384\">3 de junio de 2016<\/a><\/p><\/blockquote>\n<p>La salida de <strong>Bartra<\/strong> ya sonaba en semanas anteriores, pues hab\u00eda medios que ya informaban que el jugador se despidi\u00f3 de sus compa\u00f1eros en el \u00faltimo partido de la Copa del Rey. Por ello, el club alem\u00e1n decidi\u00f3 ejecutar la cl\u00e1usula de rescisi\u00f3n del jugador, que estaba en ocho millones de euros.<\/p>\n<p>&#8220;El <strong>FC Barcelona<\/strong> comunica que el\u00a0<strong>Borussia Dortmund<\/strong> le ha hecho llegar su voluntad de ejecutar la cl\u00e1usula del contrato de <strong>Marc Bartra<\/strong> seg\u00fan la cual el club est\u00e1 obligado a facilitar el traspaso del futbolista por un valor de ocho millones de euros&#8221;, se redacta en el comunicado\u00a0<em>Blaugrana.<\/em><\/p>\n<p>El <em>Bar\u00e7a<\/em> recuerda adem\u00e1s que <strong>Bartra<\/strong> lleg\u00f3 al club con doce a\u00f1os de edad y que &#8220;es uno de los firmes representantes de los valores&#8221; de La Masia, &#8220;como jugador y como persona&#8221;.<\/p>\n<p style=\"text-align: center;\"><span style=\"color: #3366ff;\"><a style=\"color: #3366ff;\" href=\"http:\/\/www.futboltotal.com.mx\/2016\/06\/ocho-centrales-podria-fichar-barcelona\/\" target=\"_blank\">LEER M\u00c1S: Los centrales que pueden llegar al Barcelona<\/a><\/span><\/p>\n<p><strong>Marc Bartra<\/strong> se va del club con un palmar\u00e9s de cinco Ligas, dos Champions League, dos Copas del Rey, dos Supercopas de Europa, dos Supercopas de Espa\u00f1a y un Mundial de clubes.<\/p>\n<p>El espa\u00f1ol se suma a <a href=\"http:\/\/www.futboltotal.com.mx\/2016\/06\/oficial-dani-alves-se-va-del-barcelona\/\">Dani Alves como baja del club<\/a> para la pr\u00f3xima temporada y tambi\u00e9n fue invitado por el Barcelona para que se despida formalmente de la afici\u00f3n.<\/p>\n<p><script src=\"\/\/platform.twitter.com\/widgets.js\" async=\"\" charset=\"utf-8\"><\/script><\/p>\n","protected":false},"excerpt":{"rendered":"<p>El central espa\u00f1ol llegar\u00e1 a la Bundesliga<\/p>\n","protected":false},"author":20,"featured_media":401575,"comment_status":"closed","ping_status":"closed","sticky":false,"template":"","format":"standard","meta":[],"categories":[3839,3844,5951],"tags":[5984,6047,6893],"_links":{"self":[{"href":"http:\/\/desarrollo.grupomedios.com\/futbol\/wp-json\/wp\/v2\/posts\/401570"}],"collection":[{"href":"http:\/\/desarrollo.grupomedios.com\/futbol\/wp-json\/wp\/v2\/posts"}],"about":[{"href":"http:\/\/desarrollo.grupomedios.com\/futbol\/wp-json\/wp\/v2\/types\/post"}],"author":[{"embeddable":true,"href":"http:\/\/desarrollo.grupomedios.com\/futbol\/wp-json\/wp\/v2\/users\/20"}],"replies":[{"embeddable":true,"href":"http:\/\/desarrollo.grupomedios.com\/futbol\/wp-json\/wp\/v2\/comments?post=401570"}],"version-history":[{"count":0,"href":"http:\/\/desarrollo.grupomedios.com\/futbol\/wp-json\/wp\/v2\/posts\/401570\/revisions"}],"wp:featuredmedia":[{"embeddable":true,"href":"http:\/\/desarrollo.grupomedios.com\/futbol\/wp-json\/wp\/v2\/media\/401575"}],"wp:attachment":[{"href":"http:\/\/desarrollo.grupomedios.com\/futbol\/wp-json\/wp\/v2\/media?parent=401570"}],"wp:term":[{"taxonomy":"category","embeddable":true,"href":"http:\/\/desarrollo.grupomedios.com\/futbol\/wp-json\/wp\/v2\/categories?post=401570"},{"taxonomy":"post_tag","embeddable":true,"href":"http:\/\/desarrollo.grupomedios.com\/futbol\/wp-json\/wp\/v2\/tags?post=401570"}],"curies":[{"name":"wp","href":"https:\/\/api.w.org\/{rel}","templated":true}]}}