{"id":401584,"date":"2016-06-03T15:28:30","date_gmt":"2016-06-03T21:28:30","guid":{"rendered":"http:\/\/www.futboltotal.com.mx\/?p=401584"},"modified":"2016-06-03T15:34:12","modified_gmt":"2016-06-03T21:34:12","slug":"jorge-vergara-sera-tiburon-en-shark-tank-mexico","status":"publish","type":"post","link":"http:\/\/desarrollo.grupomedios.com\/futbol\/futbol-mexicano\/jorge-vergara-sera-tiburon-en-shark-tank-mexico\/2016\/06","title":{"rendered":"Jorge Vergara ser\u00e1 un Tibur\u00f3n en Shark Tank M\u00e9xico"},"content":{"rendered":"<p>Adem\u00e1s de estar trabajando en los pr\u00f3ximos proyectos del <strong>Guadalajara<\/strong>, como el armado del equipo para el Apertura 2016 y <strong>Chivas TV<\/strong>, Jorge Vergara participa en un reality show que llegar\u00e1 a la televisi\u00f3n este mes.<\/p>\n<p>El programa en el que el due\u00f1o del Reba\u00f1o aparece es <strong>Shark Tank<\/strong>, producci\u00f3n que se ha realizado en 28 pa\u00edses y que ahora <strong>Sony<\/strong> transmitir\u00e1 en M\u00e9xico.<\/p>\n<p>Adem\u00e1s de platicar sobre la actualidad de Chivas, <strong>Vergara Madrigal<\/strong> platic\u00f3 con <strong>Futbol Total<\/strong> sobre su participaci\u00f3n en <strong>Shark Tank M\u00e9xico<\/strong>.<\/p>\n<p>&nbsp;<\/p>\n<blockquote class=\"twitter-tweet\" data-lang=\"es\">\n<p dir=\"ltr\" lang=\"es\">EN DIRECTO en <a href=\"https:\/\/twitter.com\/hashtag\/Periscope?src=hash\">#Periscope<\/a>: En vivo con los tiburones&#8230; <a href=\"https:\/\/twitter.com\/hashtag\/SharkTankMX?src=hash\">#SharkTankMX<\/a>!!! <a href=\"https:\/\/t.co\/sWgrmzMQSt\">https:\/\/t.co\/sWgrmzMQSt<\/a><\/p>\n<p>\u2014 Canal Sony Mexico (@Canal_SonyMx) <a href=\"https:\/\/twitter.com\/Canal_SonyMx\/status\/737659007339352065\">31 de mayo de 2016<\/a><\/p><\/blockquote>\n<p><script src=\"\/\/platform.twitter.com\/widgets.js\" async=\"\" charset=\"utf-8\"><\/script><\/p>\n<p>&nbsp;<\/p>\n<blockquote><p>\n\u201cMe busc\u00f3 la gente de Sony, los productores del programa me invitaron a ser parte de Shark Tank y <strong>la idea me gust\u00f3<\/strong> porque este concepto puede ayudar much\u00edsimo a detonar en M\u00e9xico la actitud de emprender, cosa que nos hace mucha falta\u201d, explica el <strong>propietario de Omnilife<\/strong>.\n<\/p><\/blockquote>\n<p>El empresario est\u00e1 convencido que su carrera en el mundo de los negocios habr\u00eda avanzado \u201cmucho m\u00e1s r\u00e1pido y m\u00e1s f\u00e1cil\u201d de haber tenido una oportunidad como la que <strong>Shark Tank<\/strong> M\u00e9xico representa para los concursantes.<\/p>\n<p><strong>Vergara<\/strong>, junto con otros cuatro magnates (entre quienes se encuentra Arturo El\u00edas Ayub), pondr\u00e1 a prueba las habilidades como emprendedores de los concursantes en esta producci\u00f3n, que estrenar\u00e1 el viernes 17 de junio en <strong>Canal Sony<\/strong>.<\/p>\n<p>&nbsp;<\/p>\n<blockquote class=\"twitter-tweet\" data-lang=\"en\"><p>\nEn los negocios puedes buscar peces gordos o enfrentarte con tiburones. Salir a flote depende de ti. <a href=\"https:\/\/twitter.com\/hashtag\/SharkTankMx?src=hash\">#SharkTankMx<\/a> <a href=\"https:\/\/t.co\/GCPNG8Iqze\">pic.twitter.com\/GCPNG8Iqze<\/a><\/p>\n<p>\u2014 Canal Sony Mexico (@Canal_SonyMx) <a href=\"https:\/\/twitter.com\/Canal_SonyMx\/status\/738527193253318656\">June 3, 2016<\/a>\n<\/p><\/blockquote>\n<p><script src=\"\/\/platform.twitter.com\/widgets.js\" async=\"\" charset=\"utf-8\"><\/script><br \/>\nEl <strong>presidente de Chivas<\/strong> est\u00e1 convencido de que <strong>Shark Tank<\/strong> M\u00e9xico servir\u00e1 a los participantes tanto por el dinero que podr\u00e1n recibir (\u201cSon fondos que yo no tuve al inicio de mi carrera y que a ellos les van a servir para arrancar o consolidar sus proyectos\u201d) como por la experiencia que \u00e9l y los otros <strong>Tiburones<\/strong> compartir\u00e1n con ellos.<\/p>\n<p>\u201cAdem\u00e1s, por la pasi\u00f3n que nosotros le meteremos a los proyectos para ser parte de los buenos resultados\u201d, finaliz\u00f3 <strong>Vergara<\/strong>.<\/p>\n","protected":false},"excerpt":{"rendered":"<p>Jorge Vergara estar\u00e1 en el reality show de Sony y platic\u00f3 con Futbol Total sobre el tema.<\/p>\n","protected":false},"author":20,"featured_media":401593,"comment_status":"closed","ping_status":"closed","sticky":false,"template":"","format":"standard","meta":[],"categories":[2198,3845],"tags":[243],"_links":{"self":[{"href":"http:\/\/desarrollo.grupomedios.com\/futbol\/wp-json\/wp\/v2\/posts\/401584"}],"collection":[{"href":"http:\/\/desarrollo.grupomedios.com\/futbol\/wp-json\/wp\/v2\/posts"}],"about":[{"href":"http:\/\/desarrollo.grupomedios.com\/futbol\/wp-json\/wp\/v2\/types\/post"}],"author":[{"embeddable":true,"href":"http:\/\/desarrollo.grupomedios.com\/futbol\/wp-json\/wp\/v2\/users\/20"}],"replies":[{"embeddable":true,"href":"http:\/\/desarrollo.grupomedios.com\/futbol\/wp-json\/wp\/v2\/comments?post=401584"}],"version-history":[{"count":0,"href":"http:\/\/desarrollo.grupomedios.com\/futbol\/wp-json\/wp\/v2\/posts\/401584\/revisions"}],"wp:featuredmedia":[{"embeddable":true,"href":"http:\/\/desarrollo.grupomedios.com\/futbol\/wp-json\/wp\/v2\/media\/401593"}],"wp:attachment":[{"href":"http:\/\/desarrollo.grupomedios.com\/futbol\/wp-json\/wp\/v2\/media?parent=401584"}],"wp:term":[{"taxonomy":"category","embeddable":true,"href":"http:\/\/desarrollo.grupomedios.com\/futbol\/wp-json\/wp\/v2\/categories?post=401584"},{"taxonomy":"post_tag","embeddable":true,"href":"http:\/\/desarrollo.grupomedios.com\/futbol\/wp-json\/wp\/v2\/tags?post=401584"}],"curies":[{"name":"wp","href":"https:\/\/api.w.org\/{rel}","templated":true}]}}