{"id":401665,"date":"2016-06-03T18:38:05","date_gmt":"2016-06-04T00:38:05","guid":{"rendered":"http:\/\/www.futboltotal.com.mx\/?p=401665"},"modified":"2016-06-03T18:38:05","modified_gmt":"2016-06-04T00:38:05","slug":"en-la-seleccion-mexicana-afectan-las-criticas","status":"publish","type":"post","link":"http:\/\/desarrollo.grupomedios.com\/futbol\/futbol-mexicano\/en-la-seleccion-mexicana-afectan-las-criticas\/2016\/06","title":{"rendered":"En la Selecci\u00f3n Mexicana no afectan las cr\u00edticas"},"content":{"rendered":"<p>Desde que Juan Carlos Osorio tom\u00f3 las riendas de la <strong><a href=\"http:\/\/www.futboltotal.com.mx\/futbol-mexicano\/seleccion-mexicana\/\" target=\"_blank\">Selecci\u00f3n Mexicana<\/a><\/strong>, el equipo s\u00f3lo conoce las victorias e incluso mantiene su puerta intacta; pese a esto, las cr\u00edticas no cesan, pues el desempe\u00f1o del equipo no termina por convencer a todos, sin embargo, para <strong>Jorge Torres Nilo<\/strong>, esta situaci\u00f3n es mejor y no cuando los resultados son negativos.<\/p>\n<p>\u201cAlgunas veces quiz\u00e1 a la afici\u00f3n mexicana le puede gustar o no y al final de cuentas se viene ganando, tratamos de encontrar un equilibrio, pero sabemos que estamos en una posici\u00f3n que siempre se nos va a criticar para bien o para mal, y preferimos que lo hagan mientras ganamos\u201d, consider\u00f3 el defensa en conferencia de prensa.<\/p>\n<blockquote class=\"twitter-tweet\" data-lang=\"es\">\n<p dir=\"ltr\" lang=\"es\">&#8220;Tenemos gran rotaci\u00f3n, eso es muy bueno y competitivo para el equipo&#8221;: Due\u00f1as<a href=\"https:\/\/twitter.com\/hashtag\/AmericaParaLosMexicanos?src=hash\">#AmericaParaLosMexicanos<\/a> <a href=\"https:\/\/t.co\/IC6ybTuuPv\">pic.twitter.com\/IC6ybTuuPv<\/a><\/p>\n<p>\u2014 Selecci\u00f3n Nacional (@miseleccionmx) <a href=\"https:\/\/twitter.com\/miseleccionmx\/status\/738826916124188672\">3 de junio de 2016<\/a><\/p><\/blockquote>\n<p><script src=\"\/\/platform.twitter.com\/widgets.js\" async=\"\" charset=\"utf-8\"><\/script><\/p>\n<p>Con el inicio de la <strong>Copa Am\u00e9rica<\/strong> en puerta, donde Uruguay ser\u00e1 el primer rival, el <em>Tri<\/em> llega con una racha de 19 juegos si perder y ocho sin permitir anotaci\u00f3n; m\u00e1s all\u00e1 de las estad\u00edsticas, en el cuadro nacional no se obsesionan.<\/p>\n<p>\u201cLa verdad que no nos proponemos una racha. No la estamos buscando, buscamos hacer lo nuestro en todas las l\u00edneas y si se da eso como a\u00f1adidura pues bien para el equipo pero no es una prioridad\u201d, concluy\u00f3.<\/p>\n<p><span style=\"color: #ff0000;\"><strong>VIDEO<\/strong>: Las 10 cosas que no sab\u00edas de Chicharito<\/span><br \/>\n[video_player]https:\/\/player.vimeo.com\/external\/168955702.sd.mp4?s=7c2ede2f28850b9a1bb8f2ff29693878d55c4ac0&amp;profile_id=165[\/video_player]<\/p>\n","protected":false},"excerpt":{"rendered":"<p>\u201cMejor que lo hagan cuando ganamos\u201d, Jorge Torres Nilo  <\/p>\n","protected":false},"author":20,"featured_media":401666,"comment_status":"closed","ping_status":"closed","sticky":false,"template":"","format":"standard","meta":[],"categories":[6950,2198,3847,6951,5950],"tags":[5979],"_links":{"self":[{"href":"http:\/\/desarrollo.grupomedios.com\/futbol\/wp-json\/wp\/v2\/posts\/401665"}],"collection":[{"href":"http:\/\/desarrollo.grupomedios.com\/futbol\/wp-json\/wp\/v2\/posts"}],"about":[{"href":"http:\/\/desarrollo.grupomedios.com\/futbol\/wp-json\/wp\/v2\/types\/post"}],"author":[{"embeddable":true,"href":"http:\/\/desarrollo.grupomedios.com\/futbol\/wp-json\/wp\/v2\/users\/20"}],"replies":[{"embeddable":true,"href":"http:\/\/desarrollo.grupomedios.com\/futbol\/wp-json\/wp\/v2\/comments?post=401665"}],"version-history":[{"count":0,"href":"http:\/\/desarrollo.grupomedios.com\/futbol\/wp-json\/wp\/v2\/posts\/401665\/revisions"}],"wp:featuredmedia":[{"embeddable":true,"href":"http:\/\/desarrollo.grupomedios.com\/futbol\/wp-json\/wp\/v2\/media\/401666"}],"wp:attachment":[{"href":"http:\/\/desarrollo.grupomedios.com\/futbol\/wp-json\/wp\/v2\/media?parent=401665"}],"wp:term":[{"taxonomy":"category","embeddable":true,"href":"http:\/\/desarrollo.grupomedios.com\/futbol\/wp-json\/wp\/v2\/categories?post=401665"},{"taxonomy":"post_tag","embeddable":true,"href":"http:\/\/desarrollo.grupomedios.com\/futbol\/wp-json\/wp\/v2\/tags?post=401665"}],"curies":[{"name":"wp","href":"https:\/\/api.w.org\/{rel}","templated":true}]}}