{"id":401728,"date":"2016-06-03T21:38:58","date_gmt":"2016-06-04T03:38:58","guid":{"rendered":"http:\/\/www.futboltotal.com.mx\/?p=401728"},"modified":"2016-06-03T21:38:58","modified_gmt":"2016-06-04T03:38:58","slug":"colombia-estrena-la-copa-america","status":"publish","type":"post","link":"http:\/\/desarrollo.grupomedios.com\/futbol\/destacado-home\/colombia-estrena-la-copa-america\/2016\/06","title":{"rendered":"Colombia estrena la Copa Am\u00e9rica"},"content":{"rendered":"<p>Al ser anfitri\u00f3n, Lionel Messi consider\u00f3 a <strong>Estados Unidos<\/strong> como uno de los favoritos para ser campe\u00f3n de la <strong><a href=\"http:\/\/www.futboltotal.com.mx\/copa-america-2016\/\" target=\"_blank\">Copa Am\u00e9rica<\/a><\/strong>, pero lejos estuvo el cuadro de J\u00fcgen Klinsmann de responder a las expectativas, pues desde el inicio del partido en el Levi\u2019s Stadium permiti\u00f3 que <strong>Colombia<\/strong> lo dominara y esto dio como resultado el triunfo visitante 0-2.<\/p>\n<p>El silbatazo retumb\u00f3 en todo el recinto, la fiesta continental arranc\u00f3 y sin espacio para sorpresas, el conjunto\u00a0de las <em>Barras y las Estrellas<\/em> parec\u00eda que eran los de fuera, ya que el p\u00fablico apoy\u00f3 en todo momento a los <em>Cafeteros<\/em>.<\/p>\n<p><a href=\"http:\/\/www.futboltotal.com.mx\/wp-content\/uploads\/2016\/06\/estados-unidos-vs-colombia-copa-america-resultados-1.jpg\" rel=\"attachment wp-att-401730\"><img decoding=\"async\" loading=\"lazy\" class=\"alignnone size-full wp-image-401730\" src=\"http:\/\/www.futboltotal.com.mx\/wp-content\/uploads\/2016\/06\/estados-unidos-vs-colombia-copa-america-resultados-1.jpg\" alt=\"estados-unidos-vs-colombia-copa-america-resultados-1\" srcset=\"http:\/\/desarrollo.grupomedios.com\/futbol\/wp-content\/uploads\/2016\/06\/estados-unidos-vs-colombia-copa-america-resultados-1.jpg 858w, http:\/\/desarrollo.grupomedios.com\/futbol\/wp-content\/uploads\/2016\/06\/estados-unidos-vs-colombia-copa-america-resultados-1-300x151.jpg 300w, http:\/\/desarrollo.grupomedios.com\/futbol\/wp-content\/uploads\/2016\/06\/estados-unidos-vs-colombia-copa-america-resultados-1-768x386.jpg 768w\" sizes=\"(max-width: 858px) 100vw, 858px\" \/><\/a><\/p>\n<p>El desarrollo del cotejo fue de un solo lado, ya que <strong>Colombia<\/strong> se fue al frente apenas al minuto 7 cuando Cristian Zapata le peg\u00f3 con facilidades dentro del \u00e1rea en un tiro de esquina.<\/p>\n<p>Antes de irse al descanso, DeAndre Yedlin demostr\u00f3 inocencia al provocar un penal, mismo que capitaliz\u00f3 James Rodr\u00edguez (42\u2019). A pesar de tener todo el complemento del juego, <strong>Estados Unidos<\/strong> no opuso resistencia y las redes ya no se movieron m\u00e1s.<\/p>\n<p><iframe loading=\"lazy\" src=\"https:\/\/www.youtube.com\/embed\/jLkTKR5La7o\" frameborder=\"0\" allowfullscreen=\"allowfullscreen\"><\/iframe><\/p>\n<p style=\"text-align: center;\"><span style=\"color: #3366ff;\"><strong><a style=\"color: #3366ff;\" href=\"http:\/\/www.futboltotal.com.mx\/2016\/06\/en-vivo-estados-unidos-vs-colombia-copa-america\/\" target=\"_blank\">As\u00ed se vivi\u00f3 el Estados Unidos vs. Colombia<\/a><\/strong><\/span><\/p>\n","protected":false},"excerpt":{"rendered":"<p>Los Cafeteros vencieron 0-2 a Estados Unidos<\/p>\n","protected":false},"author":20,"featured_media":401731,"comment_status":"closed","ping_status":"closed","sticky":false,"template":"","format":"standard","meta":[],"categories":[6950,5,3839,6953],"tags":[2130],"_links":{"self":[{"href":"http:\/\/desarrollo.grupomedios.com\/futbol\/wp-json\/wp\/v2\/posts\/401728"}],"collection":[{"href":"http:\/\/desarrollo.grupomedios.com\/futbol\/wp-json\/wp\/v2\/posts"}],"about":[{"href":"http:\/\/desarrollo.grupomedios.com\/futbol\/wp-json\/wp\/v2\/types\/post"}],"author":[{"embeddable":true,"href":"http:\/\/desarrollo.grupomedios.com\/futbol\/wp-json\/wp\/v2\/users\/20"}],"replies":[{"embeddable":true,"href":"http:\/\/desarrollo.grupomedios.com\/futbol\/wp-json\/wp\/v2\/comments?post=401728"}],"version-history":[{"count":0,"href":"http:\/\/desarrollo.grupomedios.com\/futbol\/wp-json\/wp\/v2\/posts\/401728\/revisions"}],"wp:featuredmedia":[{"embeddable":true,"href":"http:\/\/desarrollo.grupomedios.com\/futbol\/wp-json\/wp\/v2\/media\/401731"}],"wp:attachment":[{"href":"http:\/\/desarrollo.grupomedios.com\/futbol\/wp-json\/wp\/v2\/media?parent=401728"}],"wp:term":[{"taxonomy":"category","embeddable":true,"href":"http:\/\/desarrollo.grupomedios.com\/futbol\/wp-json\/wp\/v2\/categories?post=401728"},{"taxonomy":"post_tag","embeddable":true,"href":"http:\/\/desarrollo.grupomedios.com\/futbol\/wp-json\/wp\/v2\/tags?post=401728"}],"curies":[{"name":"wp","href":"https:\/\/api.w.org\/{rel}","templated":true}]}}