{"id":401738,"date":"2016-06-04T10:22:40","date_gmt":"2016-06-04T16:22:40","guid":{"rendered":"http:\/\/www.futboltotal.com.mx\/?p=401738"},"modified":"2016-06-05T08:03:03","modified_gmt":"2016-06-05T14:03:03","slug":"fallece-mohamed-ali-a-los-74-anos-edad","status":"publish","type":"post","link":"http:\/\/desarrollo.grupomedios.com\/futbol\/no-todo-es-futbol\/fallece-mohamed-ali-a-los-74-anos-edad\/2016\/06","title":{"rendered":"Fallece Mohamed Ali a los 74 a\u00f1os de edad"},"content":{"rendered":"<p>El mundo del deporte est\u00e1 de luto, despu\u00e9s que el ex pugilista <strong>Mohamed<\/strong> <strong>Ali<\/strong> falleciera a los 74 a\u00f1os edad, debido a las complicaciones que se derivaron de la enfermedad de Parkinson.<\/p>\n<p>El estadounidense estaba hospitalizado a causa\u00a0de un problema respiratorio que en su segundo d\u00eda de observaci\u00f3n, pereci\u00f3 en un nosocomio de Phoenix, Arizona.<\/p>\n<p>Debido a la cantidad de golpes que recibi\u00f3, <strong>Mohamed Ali<\/strong>\u00a0padec\u00eda Parkinson desde hace 30 a\u00f1os, adem\u00e1s que a su edad en 2014 y 2015 ingres\u00f3 al hospital en numerosas ocasiones.<\/p>\n<p><a href=\"http:\/\/www.futboltotal.com.mx\/wp-content\/uploads\/2016\/06\/muere-mohamed-ali-1.jpg\" rel=\"attachment wp-att-401740\"><img decoding=\"async\" loading=\"lazy\" class=\"alignnone size-full wp-image-401740\" src=\"http:\/\/www.futboltotal.com.mx\/wp-content\/uploads\/2016\/06\/muere-mohamed-ali-1.jpg\" alt=\"muere-mohamed-ali-1\" srcset=\"http:\/\/desarrollo.grupomedios.com\/futbol\/wp-content\/uploads\/2016\/06\/muere-mohamed-ali-1.jpg 858w, http:\/\/desarrollo.grupomedios.com\/futbol\/wp-content\/uploads\/2016\/06\/muere-mohamed-ali-1-300x151.jpg 300w, http:\/\/desarrollo.grupomedios.com\/futbol\/wp-content\/uploads\/2016\/06\/muere-mohamed-ali-1-768x386.jpg 768w\" sizes=\"(max-width: 858px) 100vw, 858px\" \/><\/a><\/p>\n<p>Nacido con el nombre de Cassius Clay en 1974, el oriundo de Louisville logr\u00f3 convertirse en campe\u00f3n ol\u00edmpico en Roma 1960, asimismo, se adjudic\u00f3 el t\u00edtulo de la AMB en 1964 al vencer a Sonny Liston por nocaut.<\/p>\n<p>Fue una leyenda de los pesos pesados y por eso se gan\u00f3 el mote de <em>El m\u00e1s grande<\/em> (The Greatest), pero su vida dio un giro de 180 grados cuando fue a parar a prisi\u00f3n (1967), tras negarse a prestar servicio militar en la guerra de Vietnam \u00a0debido a sus creencias religiosas. Las autoridades estadounidenses lo privaron de su libertad por tres a\u00f1os y medio, adem\u00e1s de despojarlo de sus cinturones.<\/p>\n<p>El 8 de marzo de 1971 protagoniz\u00f3 junto con Joe Frazier la considerada \u201cPelea del Siglo\u201d, misma que gan\u00f3 por decisi\u00f3n un\u00e1nime despu\u00e9s de 15 asaltos.<\/p>\n<p>Su \u00faltimo combate\u00a0fue el 11 de diciembre de 1981 contra Trevor Berbick donde perdi\u00f3, por decisi\u00f3n un\u00e1nime. De esta forma colg\u00f3 los guantes con un r\u00e9cord de 61 luchas, 56 victorias, 37 de ellas por nocaut; y cinco derrotas.<\/p>\n<p>Descanse en paz, <strong>Mohamed Ali<\/strong>.<\/p>\n<p><iframe loading=\"lazy\" src=\"https:\/\/www.youtube.com\/embed\/jQhFhdmW6Vs\" frameborder=\"0\" allowfullscreen=\"allowfullscreen\"><\/iframe><\/p>\n","protected":false},"excerpt":{"rendered":"<p>La leyenda del boxeo pereci\u00f3 en un hospital de Arizona <\/p>\n","protected":false},"author":20,"featured_media":401739,"comment_status":"closed","ping_status":"closed","sticky":false,"template":"","format":"standard","meta":[],"categories":[6282,5418],"tags":[5461],"_links":{"self":[{"href":"http:\/\/desarrollo.grupomedios.com\/futbol\/wp-json\/wp\/v2\/posts\/401738"}],"collection":[{"href":"http:\/\/desarrollo.grupomedios.com\/futbol\/wp-json\/wp\/v2\/posts"}],"about":[{"href":"http:\/\/desarrollo.grupomedios.com\/futbol\/wp-json\/wp\/v2\/types\/post"}],"author":[{"embeddable":true,"href":"http:\/\/desarrollo.grupomedios.com\/futbol\/wp-json\/wp\/v2\/users\/20"}],"replies":[{"embeddable":true,"href":"http:\/\/desarrollo.grupomedios.com\/futbol\/wp-json\/wp\/v2\/comments?post=401738"}],"version-history":[{"count":0,"href":"http:\/\/desarrollo.grupomedios.com\/futbol\/wp-json\/wp\/v2\/posts\/401738\/revisions"}],"wp:featuredmedia":[{"embeddable":true,"href":"http:\/\/desarrollo.grupomedios.com\/futbol\/wp-json\/wp\/v2\/media\/401739"}],"wp:attachment":[{"href":"http:\/\/desarrollo.grupomedios.com\/futbol\/wp-json\/wp\/v2\/media?parent=401738"}],"wp:term":[{"taxonomy":"category","embeddable":true,"href":"http:\/\/desarrollo.grupomedios.com\/futbol\/wp-json\/wp\/v2\/categories?post=401738"},{"taxonomy":"post_tag","embeddable":true,"href":"http:\/\/desarrollo.grupomedios.com\/futbol\/wp-json\/wp\/v2\/tags?post=401738"}],"curies":[{"name":"wp","href":"https:\/\/api.w.org\/{rel}","templated":true}]}}