{"id":401752,"date":"2016-06-04T10:43:21","date_gmt":"2016-06-04T16:43:21","guid":{"rendered":"http:\/\/www.futboltotal.com.mx\/?p=401752"},"modified":"2016-06-04T10:43:42","modified_gmt":"2016-06-04T16:43:42","slug":"dani-alves-confirmo-llegada-a-la-juve","status":"publish","type":"post","link":"http:\/\/desarrollo.grupomedios.com\/futbol\/futbol-internacional\/dani-alves-confirmo-llegada-a-la-juve\/2016\/06","title":{"rendered":"Dani Alves confirm\u00f3 su llegada a la Juve"},"content":{"rendered":"<p>Despu\u00e9s de ocho a\u00f1os en el <strong>Barcelona<\/strong>, <strong>Dani Alves<\/strong> se despidi\u00f3 el pasado jueves del club\u00a0<em>Blaugrana\u00a0<\/em>y confirm\u00f3 este s\u00e1bado su fichaje con la <strong>Juventus<\/strong>, en una entrevista para el canal de televisi\u00f3n <em>Sportitalia.<\/em><\/p>\n<p>&#8220;Siempre estoy feliz, pero ahora a\u00fan m\u00e1s. Hab\u00eda llegado el momento de cambiar. He ganado mucho con el <strong>Barcelona<\/strong>, lo disfrut\u00e9, pero lleg\u00f3 el momento de nuevos retos. Quiero disfrutar en <strong>Juventus<\/strong> y tratar de ganar en Europa&#8221;, declar\u00f3 el brasile\u00f1o.<\/p>\n<p style=\"text-align: left;\">&#8220;En los pr\u00f3ximos d\u00edas ir\u00e9 a Tur\u00edn para firmar. Me desped\u00ed de los aficionados del <strong>Barcelona<\/strong>, ser\u00e1 un hasta luego, no un adi\u00f3s&#8221;, afirm\u00f3 el lateral derecho.<\/p>\n<p style=\"text-align: center;\"><span style=\"color: #3366ff;\"><a style=\"color: #3366ff;\" href=\"http:\/\/www.futboltotal.com.mx\/2016\/06\/marc-bartra-sale-del-barcelona-ira-a-alemania\/\">LEER M\u00c1S: Marc Bartra sale del Barcelona para ir a Alemania<\/a><\/span><\/p>\n<p>El brasile\u00f1o de 33 a\u00f1os admiti\u00f3 que no descarta volver alg\u00fan d\u00eda con el club\u00a0<em>Cul\u00e9,\u00a0<\/em>pues asegura que siempre seguir\u00e1 siendo un aficionado del equipo donde gan\u00f3 todo.<\/p>\n<p>&#8220;Vengo a Italia para ganar y luego quiz\u00e1s volver\u00e9, porque sigo siendo un aficionado <em>Blaugrana<\/em>&#8220;, dijo.<\/p>\n<p>El fichaje se har\u00e1 oficial por la <strong>Juventus<\/strong> en los pr\u00f3ximos d\u00edas , en donde <strong>Dani Alves<\/strong> llegar\u00e1 con el cinco veces Campe\u00f3n de Italia en busca de m\u00e1s t\u00edtulos.<\/p>\n","protected":false},"excerpt":{"rendered":"<p>Su fichaje se har\u00e1 oficial en los pr\u00f3ximos d\u00edas<\/p>\n","protected":false},"author":20,"featured_media":401753,"comment_status":"closed","ping_status":"closed","sticky":false,"template":"","format":"standard","meta":[],"categories":[3839,5951],"tags":[5984,5983,5999],"_links":{"self":[{"href":"http:\/\/desarrollo.grupomedios.com\/futbol\/wp-json\/wp\/v2\/posts\/401752"}],"collection":[{"href":"http:\/\/desarrollo.grupomedios.com\/futbol\/wp-json\/wp\/v2\/posts"}],"about":[{"href":"http:\/\/desarrollo.grupomedios.com\/futbol\/wp-json\/wp\/v2\/types\/post"}],"author":[{"embeddable":true,"href":"http:\/\/desarrollo.grupomedios.com\/futbol\/wp-json\/wp\/v2\/users\/20"}],"replies":[{"embeddable":true,"href":"http:\/\/desarrollo.grupomedios.com\/futbol\/wp-json\/wp\/v2\/comments?post=401752"}],"version-history":[{"count":0,"href":"http:\/\/desarrollo.grupomedios.com\/futbol\/wp-json\/wp\/v2\/posts\/401752\/revisions"}],"wp:featuredmedia":[{"embeddable":true,"href":"http:\/\/desarrollo.grupomedios.com\/futbol\/wp-json\/wp\/v2\/media\/401753"}],"wp:attachment":[{"href":"http:\/\/desarrollo.grupomedios.com\/futbol\/wp-json\/wp\/v2\/media?parent=401752"}],"wp:term":[{"taxonomy":"category","embeddable":true,"href":"http:\/\/desarrollo.grupomedios.com\/futbol\/wp-json\/wp\/v2\/categories?post=401752"},{"taxonomy":"post_tag","embeddable":true,"href":"http:\/\/desarrollo.grupomedios.com\/futbol\/wp-json\/wp\/v2\/tags?post=401752"}],"curies":[{"name":"wp","href":"https:\/\/api.w.org\/{rel}","templated":true}]}}