{"id":401756,"date":"2016-06-04T11:29:21","date_gmt":"2016-06-04T17:29:21","guid":{"rendered":"http:\/\/www.futboltotal.com.mx\/?p=401756"},"modified":"2016-06-04T11:32:53","modified_gmt":"2016-06-04T17:32:53","slug":"pele-maradona-lamentan-muerte-mohamed-ali","status":"publish","type":"post","link":"http:\/\/desarrollo.grupomedios.com\/futbol\/futbol-internacional\/pele-maradona-lamentan-muerte-mohamed-ali\/2016\/06","title":{"rendered":"Pel\u00e9 y Maradona lamentan muerte de Mohamed Al\u00ed"},"content":{"rendered":"<p><a href=\"http:\/\/www.futboltotal.com.mx\/2016\/06\/fallece-mohamed-ali-a-los-74-anos-edad\/\">La muerte\u00a0de una leyenda como <strong>Mohamed Al\u00ed<\/strong> <\/a>marc\u00f3 al mundo entero y no solo al del boxeo, pues era un \u00eddolo e inspiraci\u00f3n para muchos, incluso para personajes de otros deportes.<\/p>\n<p>Este s\u00e1bado, los ex astros del futbol, <strong>Pel\u00e9<\/strong> y <strong>Diego Armando Maradona,<\/strong> lamentaron la p\u00e9rdida de este gran campe\u00f3n estadounidense, quien falleciera a los 74 a\u00f1os de edad y que ambos describen como &#8220;un h\u00e9roe&#8221;.<\/p>\n<p>&#8220;El universo del deporte sufre una gran p\u00e9rdida. <strong>Mohamed Al\u00ed<\/strong> era mi amigo, mi \u00eddolo, mi h\u00e9roe&#8221;, expres\u00f3 el brasile\u00f1o a trav\u00e9s de las redes sociales.<\/p>\n<blockquote class=\"instagram-media\" style=\"background: #FFF; border: 0; border-radius: 3px; box-shadow: 0 0 1px 0 rgba(0,0,0,0.5),0 1px 10px 0 rgba(0,0,0,0.15); margin: 1px; max-width: 658px; padding: 0; width: calc(100% - 2px);\" data-instgrm-version=\"7\">\n<div style=\"padding: 8px;\">\n<div style=\"background: #F8F8F8; line-height: 0; margin-top: 40px; padding: 50.0% 0; text-align: center; width: 100%;\"><\/div>\n<p style=\"color: #c9c8cd; font-family: Arial,sans-serif; font-size: 14px; line-height: 17px; margin-bottom: 0; margin-top: 8px; overflow: hidden; padding: 8px 0 7px; text-align: center; text-overflow: ellipsis; white-space: nowrap;\"><a style=\"color: #c9c8cd; font-family: Arial,sans-serif; font-size: 14px; font-style: normal; font-weight: normal; line-height: 17px; text-decoration: none;\" href=\"https:\/\/www.instagram.com\/p\/BGOvhJ1rh1o\/\" target=\"_blank\">Una foto publicada por Pel\u00e9 (@pele)<\/a> el <time style=\"font-family: Arial,sans-serif; font-size: 14px; line-height: 17px;\" datetime=\"2016-06-04T11:09:12+00:00\">4 de Jun de 2016 a la(s) 4:09 PDT<\/time><\/p>\n<\/div>\n<\/blockquote>\n<p><script src=\"\/\/platform.instagram.com\/en_US\/embeds.js\" async=\"\" defer=\"defer\"><\/script><br \/>\nMientras que el argentino <strong>Diego Armando Maradona<\/strong>, tambi\u00e9n escribi\u00f3 un mensaje en su cuenta de Facebook para despedir a <strong>Mohamed Al\u00ed<\/strong>, de quien considera que es &#8220;el mejor de todos los tiempos&#8221;.<\/p>\n<div class=\"fb-post\" data-href=\"https:\/\/www.facebook.com\/DiegoMaradonaOficial\/posts\/1146047202113294:0\" data-data-show-text=\"true\">\n<div class=\"fb-xfbml-parse-ignore\">\n<blockquote cite=\"https:\/\/www.facebook.com\/DiegoMaradonaOficial\/posts\/1146047202113294:0\"><p>Castellano | Italiano | English<\/p>\n<p>Se fue el mejor de todos los tiempos, con mucha diferencia. Fue el \u00fanico hombre que me&#8230;<\/p>\n<p>Posted by <a href=\"https:\/\/www.facebook.com\/DiegoMaradonaOficial\/\">Diego Maradona<\/a> on\u00a0<a href=\"https:\/\/www.facebook.com\/DiegoMaradonaOficial\/posts\/1146047202113294:0\">s\u00e1bado, 4 de junio de 2016<\/a><\/p><\/blockquote>\n<\/div>\n<\/div>\n","protected":false},"excerpt":{"rendered":"<p>Los astros del futbol lamentaron la muerte del p\u00fagil<\/p>\n","protected":false},"author":20,"featured_media":401759,"comment_status":"closed","ping_status":"closed","sticky":false,"template":"","format":"standard","meta":[],"categories":[6282,3839,5418,5951],"tags":[690,7154,246],"_links":{"self":[{"href":"http:\/\/desarrollo.grupomedios.com\/futbol\/wp-json\/wp\/v2\/posts\/401756"}],"collection":[{"href":"http:\/\/desarrollo.grupomedios.com\/futbol\/wp-json\/wp\/v2\/posts"}],"about":[{"href":"http:\/\/desarrollo.grupomedios.com\/futbol\/wp-json\/wp\/v2\/types\/post"}],"author":[{"embeddable":true,"href":"http:\/\/desarrollo.grupomedios.com\/futbol\/wp-json\/wp\/v2\/users\/20"}],"replies":[{"embeddable":true,"href":"http:\/\/desarrollo.grupomedios.com\/futbol\/wp-json\/wp\/v2\/comments?post=401756"}],"version-history":[{"count":0,"href":"http:\/\/desarrollo.grupomedios.com\/futbol\/wp-json\/wp\/v2\/posts\/401756\/revisions"}],"wp:featuredmedia":[{"embeddable":true,"href":"http:\/\/desarrollo.grupomedios.com\/futbol\/wp-json\/wp\/v2\/media\/401759"}],"wp:attachment":[{"href":"http:\/\/desarrollo.grupomedios.com\/futbol\/wp-json\/wp\/v2\/media?parent=401756"}],"wp:term":[{"taxonomy":"category","embeddable":true,"href":"http:\/\/desarrollo.grupomedios.com\/futbol\/wp-json\/wp\/v2\/categories?post=401756"},{"taxonomy":"post_tag","embeddable":true,"href":"http:\/\/desarrollo.grupomedios.com\/futbol\/wp-json\/wp\/v2\/tags?post=401756"}],"curies":[{"name":"wp","href":"https:\/\/api.w.org\/{rel}","templated":true}]}}