{"id":401757,"date":"2016-06-04T11:47:06","date_gmt":"2016-06-04T17:47:06","guid":{"rendered":"http:\/\/www.futboltotal.com.mx\/?p=401757"},"modified":"2016-06-06T11:15:15","modified_gmt":"2016-06-06T17:15:15","slug":"lo-debes-saber-del-tri-en-copa-america","status":"publish","type":"post","link":"http:\/\/desarrollo.grupomedios.com\/futbol\/copa-america-2016\/lo-debes-saber-del-tri-en-copa-america\/2016\/06","title":{"rendered":"TODO lo que debes saber del TRI en Copa Am\u00e9rica"},"content":{"rendered":"<p><strong><a href=\"http:\/\/www.futboltotal.com.mx\/futbol-mexicano\/seleccion-mexicana\/\">M\u00e9xico<\/a><\/strong> participar\u00e1 por d\u00e9cima ocasi\u00f3n en la <strong>Copa Am\u00e9rica\u00a0<\/strong>y debutar\u00e1 ante <strong>Uruguay<\/strong> este domingo en el Phoenix Stadium. Antes del anhelado partido, en <strong>Futbol Total<\/strong> te presentamos los 10 datos m\u00e1s relevantes sobre lo que ha sido y ser\u00e1 la participaci\u00f3n del <em>Tri\u00a0<\/em>en el torneo m\u00e1s antiguo a nivel selecciones del planeta futbol.<\/p>\n<p style=\"text-align: center;\"><span style=\"color: #3366ff;\"><strong><a style=\"color: #3366ff;\" href=\"http:\/\/www.futboltotal.com.mx\/copa-america-2016\/\">LEER M\u00c1S: Todas las noticias de Copa Am\u00e9rica<\/a><\/strong><\/span><a href=\"http:\/\/www.futboltotal.com.mx\/wp-content\/uploads\/2016\/06\/tododeltri.jpg\" rel=\"attachment wp-att-401758\"><img decoding=\"async\" loading=\"lazy\" class=\"alignnone size-full wp-image-401758\" src=\"http:\/\/www.futboltotal.com.mx\/wp-content\/uploads\/2016\/06\/tododeltri.jpg\" alt=\"tododeltri\" srcset=\"http:\/\/desarrollo.grupomedios.com\/futbol\/wp-content\/uploads\/2016\/06\/tododeltri.jpg 820w, http:\/\/desarrollo.grupomedios.com\/futbol\/wp-content\/uploads\/2016\/06\/tododeltri-768x6185.jpg 768w, http:\/\/desarrollo.grupomedios.com\/futbol\/wp-content\/uploads\/2016\/06\/tododeltri-127x1024.jpg 127w\" sizes=\"(max-width: 820px) 100vw, 820px\" \/><\/a><\/p>\n","protected":false},"excerpt":{"rendered":"<p>Te presentamos 10 datos del Tri en la justa continental <\/p>\n","protected":false},"author":20,"featured_media":401763,"comment_status":"closed","ping_status":"closed","sticky":false,"template":"","format":"standard","meta":[],"categories":[6950,6957,6953,6951],"tags":[2130,5979],"_links":{"self":[{"href":"http:\/\/desarrollo.grupomedios.com\/futbol\/wp-json\/wp\/v2\/posts\/401757"}],"collection":[{"href":"http:\/\/desarrollo.grupomedios.com\/futbol\/wp-json\/wp\/v2\/posts"}],"about":[{"href":"http:\/\/desarrollo.grupomedios.com\/futbol\/wp-json\/wp\/v2\/types\/post"}],"author":[{"embeddable":true,"href":"http:\/\/desarrollo.grupomedios.com\/futbol\/wp-json\/wp\/v2\/users\/20"}],"replies":[{"embeddable":true,"href":"http:\/\/desarrollo.grupomedios.com\/futbol\/wp-json\/wp\/v2\/comments?post=401757"}],"version-history":[{"count":0,"href":"http:\/\/desarrollo.grupomedios.com\/futbol\/wp-json\/wp\/v2\/posts\/401757\/revisions"}],"wp:featuredmedia":[{"embeddable":true,"href":"http:\/\/desarrollo.grupomedios.com\/futbol\/wp-json\/wp\/v2\/media\/401763"}],"wp:attachment":[{"href":"http:\/\/desarrollo.grupomedios.com\/futbol\/wp-json\/wp\/v2\/media?parent=401757"}],"wp:term":[{"taxonomy":"category","embeddable":true,"href":"http:\/\/desarrollo.grupomedios.com\/futbol\/wp-json\/wp\/v2\/categories?post=401757"},{"taxonomy":"post_tag","embeddable":true,"href":"http:\/\/desarrollo.grupomedios.com\/futbol\/wp-json\/wp\/v2\/tags?post=401757"}],"curies":[{"name":"wp","href":"https:\/\/api.w.org\/{rel}","templated":true}]}}