{"id":401762,"date":"2016-06-04T12:01:56","date_gmt":"2016-06-04T18:01:56","guid":{"rendered":"http:\/\/www.futboltotal.com.mx\/?p=401762"},"modified":"2016-06-04T12:12:24","modified_gmt":"2016-06-04T18:12:24","slug":"sinha-vuelve-toluca-apertura-2016","status":"publish","type":"post","link":"http:\/\/desarrollo.grupomedios.com\/futbol\/futbol-mexicano\/sinha-vuelve-toluca-apertura-2016\/2016\/06","title":{"rendered":"El maestro regresa a casa&#8230;Sinha vuelve a Toluca"},"content":{"rendered":"<p>Despu\u00e9s de que apenas en la semana presentaran a Hern\u00e1n Cristante como nuevo entrenador, este s\u00e1bado el <span style=\"color: #ff0000;\"><strong><a style=\"color: #ff0000;\" href=\"http:\/\/www.futboltotal.com.mx\/equipos\/toluca\/\" target=\"_blank\">Toluca<\/a><\/strong><\/span> ha hecho oficial el regreso de otra leyenda de la instituci\u00f3n: <strong>Antonio Naelson <em>Sinha<\/em><\/strong>.<\/p>\n<blockquote class=\"twitter-tweet\" data-lang=\"es\">\n<p dir=\"ltr\" lang=\"es\">Es un orgullo tenerte de vuelta a casa &#8230; ?? <a href=\"https:\/\/twitter.com\/hashtag\/RefuerzoDiablo?src=hash\">#RefuerzoDiablo<\/a> <a href=\"https:\/\/t.co\/Xa9mSk0SdL\">pic.twitter.com\/Xa9mSk0SdL<\/a><\/p>\n<p>\u2014 Toluca FC (@TolucaFC) <a href=\"https:\/\/twitter.com\/TolucaFC\/status\/739148186422530048\">4 de junio de 2016<\/a><\/p><\/blockquote>\n<p><script src=\"\/\/platform.twitter.com\/widgets.js\" async=\"\" charset=\"utf-8\"><\/script><\/p>\n<p>En su llegada, Cristante dijo que su excompa\u00f1ero todav\u00eda ten\u00eda nivel para jugar y que mejor que un hist\u00f3rico del club se pueda retirar con los <em>Choriceros<\/em> en las v\u00edsperas del centenario rojo.<\/p>\n<blockquote class=\"twitter-tweet\" data-lang=\"es\"><p>\n<a href=\"https:\/\/twitter.com\/hashtag\/DiablosRojos?src=hash\">#DiablosRojos<\/a> Demos la bienvenida a un hist\u00f3rico de nuestro equipo ?? <a href=\"https:\/\/twitter.com\/hashtag\/Sinha?src=hash\">#Sinha<\/a> <a href=\"https:\/\/twitter.com\/hashtag\/RefuerzoDiablo?src=hash\">#RefuerzoDiablo<\/a> <a href=\"https:\/\/twitter.com\/hashtag\/SomosRojos?src=hash\">#SomosRojos<\/a> <a href=\"https:\/\/t.co\/m5GVvjKTU8\">pic.twitter.com\/m5GVvjKTU8<\/a><\/p>\n<p>\u2014 Toluca FC (@TolucaFC) <a href=\"https:\/\/twitter.com\/TolucaFC\/status\/739150070495354880\">4 de junio de 2016<\/a>\n<\/p><\/blockquote>\n<p><script src=\"\/\/platform.twitter.com\/widgets.js\" async=\"\" charset=\"utf-8\"><\/script><\/p>\n<p>Hace unos meses <strong><em>Sinha<\/em><\/strong> cumpli\u00f3 40 a\u00f1os y anunci\u00f3 su retirada del futbol profesional con el <span style=\"color: #ff0000;\"><a style=\"color: #ff0000;\" href=\"http:\/\/www.futboltotal.com.mx\/equipos\/queretaro\/\" target=\"_blank\">Quer\u00e9taro<\/a><\/span>, equipo al que lleg\u00f3 en 2014 para cumplir sus \u00faltimos partidos como futbolista, seg\u00fan el naturalizado mexicano.<\/p>\n<p style=\"text-align: center;\"><span style=\"color: #3366ff;\"><a style=\"color: #3366ff;\" href=\"http:\/\/www.futboltotal.com.mx\/2016\/06\/lucas-lobos-saldra-del-toluca\/\">LEER M\u00c1S: Lucas Lobos saldr\u00e1 de Toluca<\/a><\/span><\/p>\n<p>As\u00ed, <em>Sinha<\/em> volver\u00e1 a portar la camiseta n\u00famero diez con <strong>Toluca<\/strong>, donde gan\u00f3 el campeonato en cinco ocasiones y fue elegido el mejor jugador de la liga en 2008 y 2010.<\/p>\n<p><iframe loading=\"lazy\" src=\"https:\/\/www.youtube.com\/embed\/_v1-McGOSiA\" frameborder=\"0\" allowfullscreen=\"allowfullscreen\"><\/iframe><\/p>\n","protected":false},"excerpt":{"rendered":"<p>Con los Diablos Rojos gan\u00f3 cinco t\u00edtulos de liga<\/p>\n","protected":false},"author":129,"featured_media":401768,"comment_status":"closed","ping_status":"closed","sticky":false,"template":"","format":"standard","meta":[],"categories":[2198,3845,5950],"tags":[1980,278,5975],"_links":{"self":[{"href":"http:\/\/desarrollo.grupomedios.com\/futbol\/wp-json\/wp\/v2\/posts\/401762"}],"collection":[{"href":"http:\/\/desarrollo.grupomedios.com\/futbol\/wp-json\/wp\/v2\/posts"}],"about":[{"href":"http:\/\/desarrollo.grupomedios.com\/futbol\/wp-json\/wp\/v2\/types\/post"}],"author":[{"embeddable":true,"href":"http:\/\/desarrollo.grupomedios.com\/futbol\/wp-json\/wp\/v2\/users\/129"}],"replies":[{"embeddable":true,"href":"http:\/\/desarrollo.grupomedios.com\/futbol\/wp-json\/wp\/v2\/comments?post=401762"}],"version-history":[{"count":0,"href":"http:\/\/desarrollo.grupomedios.com\/futbol\/wp-json\/wp\/v2\/posts\/401762\/revisions"}],"wp:featuredmedia":[{"embeddable":true,"href":"http:\/\/desarrollo.grupomedios.com\/futbol\/wp-json\/wp\/v2\/media\/401768"}],"wp:attachment":[{"href":"http:\/\/desarrollo.grupomedios.com\/futbol\/wp-json\/wp\/v2\/media?parent=401762"}],"wp:term":[{"taxonomy":"category","embeddable":true,"href":"http:\/\/desarrollo.grupomedios.com\/futbol\/wp-json\/wp\/v2\/categories?post=401762"},{"taxonomy":"post_tag","embeddable":true,"href":"http:\/\/desarrollo.grupomedios.com\/futbol\/wp-json\/wp\/v2\/tags?post=401762"}],"curies":[{"name":"wp","href":"https:\/\/api.w.org\/{rel}","templated":true}]}}