{"id":401781,"date":"2016-06-04T13:16:59","date_gmt":"2016-06-04T19:16:59","guid":{"rendered":"http:\/\/www.futboltotal.com.mx\/?p=401781"},"modified":"2016-06-04T13:16:59","modified_gmt":"2016-06-04T19:16:59","slug":"cruz-azul-va-refuerzo-argentino","status":"publish","type":"post","link":"http:\/\/desarrollo.grupomedios.com\/futbol\/futbol-mexicano\/cruz-azul-va-refuerzo-argentino\/2016\/06","title":{"rendered":"Cruz Azul va por refuerzo argentino"},"content":{"rendered":"<p>Los <strong>refuerzos<\/strong> para <strong><span style=\"color: #ff0000;\"><a style=\"color: #ff0000;\" href=\"http:\/\/www.futboltotal.com.mx\/equipos\/cruz-azul\/\" target=\"_blank\">Cruz Azul<\/a><\/span><\/strong> siguen sonando y ahora desde Argentina, pues el Vicepresidente del club Rosario Central, Ricardo Cardoni, inform\u00f3 que esperan una oferta en los pr\u00f3ximos d\u00edas <em>\u00a0<\/em>por el mediocampista Walter Montoya.<\/p>\n<p>&#8220;Esto reci\u00e9n inicia, el sondeo y todo lo de m\u00e1s que despu\u00e9s seguramente se traduce en una oferta, pero todav\u00eda hasta el d\u00eda de hoy nada. Probablemente el d\u00eda lunes tengamos la posible oferta. <strong>Cruz Azul<\/strong> nos ha manifestado que va a hacer una oferta y estamos esperando&#8221;, declar\u00f3 el mandatario argentino.<\/p>\n<p>El dirigente coment\u00f3 que\u00a0<em>La M\u00e1quina\u00a0<\/em>est\u00e1 muy interesado en que el jugador sea su nuevo <strong>refuerzo<\/strong> pero que a pesar de ello, todav\u00eda no existe una oferta formal, por lo que est\u00e1n a espera de ella.<\/p>\n<p style=\"text-align: center;\"><span style=\"color: #3366ff;\">LEER M\u00c1S:\u00a0<a style=\"color: #3366ff;\" href=\"http:\/\/www.futboltotal.com.mx\/2016\/06\/futbol-estufa-rumbo-al-apertura-2016-altas-bajas-rumores\/\">FUTBOL DE ESTUFA | Rumbo al Apertura 2016<\/a><\/span><\/p>\n<p>Adem\u00e1s, Cardoni tambi\u00e9n hablo sobre un supuesto inter\u00e9s de River Plante, aunque comenta que tambi\u00e9n se tiene que hablar con el jugador y el cuerpo t\u00e9cnico para ver a d\u00f3nde va a salir y qu\u00e9 se necesita para reforzar el equipo tras su salida.<\/p>\n<p>As\u00ed que si <strong>Cruz Azul<\/strong> quiere a Walter Montoya, se tienen que apurar antes de que el conjunto\u00a0<em>Millonario\u00a0<\/em>les gane la partida por el rosarino.<\/p>\n","protected":false},"excerpt":{"rendered":"<p>El jugador de Rosario Central reforzar\u00eda a la M\u00e1quina<\/p>\n","protected":false},"author":20,"featured_media":401786,"comment_status":"closed","ping_status":"closed","sticky":false,"template":"","format":"standard","meta":[],"categories":[2198,3845,5950],"tags":[5962,64,7155,7156],"_links":{"self":[{"href":"http:\/\/desarrollo.grupomedios.com\/futbol\/wp-json\/wp\/v2\/posts\/401781"}],"collection":[{"href":"http:\/\/desarrollo.grupomedios.com\/futbol\/wp-json\/wp\/v2\/posts"}],"about":[{"href":"http:\/\/desarrollo.grupomedios.com\/futbol\/wp-json\/wp\/v2\/types\/post"}],"author":[{"embeddable":true,"href":"http:\/\/desarrollo.grupomedios.com\/futbol\/wp-json\/wp\/v2\/users\/20"}],"replies":[{"embeddable":true,"href":"http:\/\/desarrollo.grupomedios.com\/futbol\/wp-json\/wp\/v2\/comments?post=401781"}],"version-history":[{"count":0,"href":"http:\/\/desarrollo.grupomedios.com\/futbol\/wp-json\/wp\/v2\/posts\/401781\/revisions"}],"wp:featuredmedia":[{"embeddable":true,"href":"http:\/\/desarrollo.grupomedios.com\/futbol\/wp-json\/wp\/v2\/media\/401786"}],"wp:attachment":[{"href":"http:\/\/desarrollo.grupomedios.com\/futbol\/wp-json\/wp\/v2\/media?parent=401781"}],"wp:term":[{"taxonomy":"category","embeddable":true,"href":"http:\/\/desarrollo.grupomedios.com\/futbol\/wp-json\/wp\/v2\/categories?post=401781"},{"taxonomy":"post_tag","embeddable":true,"href":"http:\/\/desarrollo.grupomedios.com\/futbol\/wp-json\/wp\/v2\/tags?post=401781"}],"curies":[{"name":"wp","href":"https:\/\/api.w.org\/{rel}","templated":true}]}}