{"id":401785,"date":"2016-06-04T14:02:59","date_gmt":"2016-06-04T20:02:59","guid":{"rendered":"http:\/\/www.futboltotal.com.mx\/?p=401785"},"modified":"2016-06-05T09:41:55","modified_gmt":"2016-06-05T15:41:55","slug":"damm-companero-del-chicharito","status":"publish","type":"post","link":"http:\/\/desarrollo.grupomedios.com\/futbol\/destacado-home\/damm-companero-del-chicharito\/2016\/06","title":{"rendered":"J\u00fcrgen Damm, a una firma del Bayer Leverkusen"},"content":{"rendered":"<p>El pasado verano, se especul\u00f3 sobre el inter\u00e9s de la Roma por <b>J\u00fcrgen Damm<\/b>\u2026 En el mercado invernal, trascendi\u00f3 que el juvenil volante mexicano era pretendido por tres equipos de Europa: Arsenal, Par\u00eds Saint-Germain y Sporting de Lisboa.<\/p>\n<p>Ahora, se dice que el futuro del jugador de Tigres y seleccionado nacional est\u00e1 en la Bundesliga;\u00a0en ese sentido, el portal <em>mediotiempo<\/em>\u00a0publica que el\u00a0<b>Bayer Leverkusen<\/b>, donde milita el tambi\u00e9n mexicano <b>Chicharito<\/b> Hern\u00e1ndez, ser\u00e1 el nuevo equipo de Damm para la pr\u00f3xima temporada.<\/p>\n<p style=\"text-align: center;\"><span style=\"color: #3366ff;\"><strong><a style=\"color: #3366ff;\" href=\"http:\/\/www.futboltotal.com.mx\/2016\/06\/ismael-sosa-refuerza-a-tigres\/\">LEER M\u00c1S: Ismael Sosa, \u00bfrefuerzo de Tigres?<\/a><\/strong><\/span><\/p>\n<p>Ante los nuevos rumores, se agrega que\u00a0todo apunta a que <b>J\u00fcrgen Damm<\/b> no continuar\u00e1 en el futbol mexicano\u00a0para la siguiente temporada.\u00a0&#8220;Es casi un hecho que saldr\u00e1 de la instituci\u00f3n <em>felina<\/em> para cumplir su sue\u00f1o de ir al futbol de Europa&#8221;, se apunta.<\/p>\n<p>Sobre temas econ\u00f3micos, se sabe que <strong>Tigres<\/strong> considera al volante de 23 a\u00f1os\u00a0un activo muy valioso, tanto que el club impedir\u00eda su salida\u00a0por menos de 15 millones de d\u00f3lares, ya que buscan recuperar los 10 que pag\u00f3 al Pachuca en el pasado Draft de la Liga MX y los cinco que invirti\u00f3 en Dar\u00edo Burbano, quien entr\u00f3 en la negociaci\u00f3n<b>\u00a0<\/b>al regresar a Le\u00f3n.<\/p>\n<blockquote class=\"twitter-tweet\" data-lang=\"es\">\n<p dir=\"ltr\" lang=\"es\">Siete jugadores de <a href=\"https:\/\/twitter.com\/TigresOficial\">@TigresOficial<\/a> fueron convocados para acudir a la Eurocopa y Copa Am\u00e9rica.: <a href=\"https:\/\/t.co\/MZTpcr4JjS\">https:\/\/t.co\/MZTpcr4JjS<\/a> v\u00eda <a href=\"https:\/\/twitter.com\/YouTube\">@YouTube<\/a><\/p>\n<p>\u2014 CLUB TIGRES OFICIAL (@TigresOficial) <a href=\"https:\/\/twitter.com\/TigresOficial\/status\/738061516918915072\">1 de junio de 2016<\/a><\/p><\/blockquote>\n<p><script src=\"\/\/platform.twitter.com\/widgets.js\" async=\"\" charset=\"utf-8\"><\/script><\/p>\n<p>Adem\u00e1s, destacar que de ser fichado por alg\u00fan cuadro europeo, <strong>J\u00fcrgen Damm<\/strong>\u00a0no ocupar\u00eda plaza de extranjero al contar con pasaporte comunitario.<\/p>\n","protected":false},"excerpt":{"rendered":"<p>Trasciende que el jugador de Tigres ya estar\u00eda firmado con las Aspirinas<\/p>\n","protected":false},"author":20,"featured_media":401797,"comment_status":"closed","ping_status":"closed","sticky":false,"template":"","format":"standard","meta":[],"categories":[5,2198,3845],"tags":[4335,120,1916,5973],"_links":{"self":[{"href":"http:\/\/desarrollo.grupomedios.com\/futbol\/wp-json\/wp\/v2\/posts\/401785"}],"collection":[{"href":"http:\/\/desarrollo.grupomedios.com\/futbol\/wp-json\/wp\/v2\/posts"}],"about":[{"href":"http:\/\/desarrollo.grupomedios.com\/futbol\/wp-json\/wp\/v2\/types\/post"}],"author":[{"embeddable":true,"href":"http:\/\/desarrollo.grupomedios.com\/futbol\/wp-json\/wp\/v2\/users\/20"}],"replies":[{"embeddable":true,"href":"http:\/\/desarrollo.grupomedios.com\/futbol\/wp-json\/wp\/v2\/comments?post=401785"}],"version-history":[{"count":0,"href":"http:\/\/desarrollo.grupomedios.com\/futbol\/wp-json\/wp\/v2\/posts\/401785\/revisions"}],"wp:featuredmedia":[{"embeddable":true,"href":"http:\/\/desarrollo.grupomedios.com\/futbol\/wp-json\/wp\/v2\/media\/401797"}],"wp:attachment":[{"href":"http:\/\/desarrollo.grupomedios.com\/futbol\/wp-json\/wp\/v2\/media?parent=401785"}],"wp:term":[{"taxonomy":"category","embeddable":true,"href":"http:\/\/desarrollo.grupomedios.com\/futbol\/wp-json\/wp\/v2\/categories?post=401785"},{"taxonomy":"post_tag","embeddable":true,"href":"http:\/\/desarrollo.grupomedios.com\/futbol\/wp-json\/wp\/v2\/tags?post=401785"}],"curies":[{"name":"wp","href":"https:\/\/api.w.org\/{rel}","templated":true}]}}