{"id":401789,"date":"2016-06-04T13:58:25","date_gmt":"2016-06-04T19:58:25","guid":{"rendered":"http:\/\/www.futboltotal.com.mx\/?p=401789"},"modified":"2016-06-04T13:58:25","modified_gmt":"2016-06-04T19:58:25","slug":"alemania-vencio-a-hungria-en-ultimo-amistoso","status":"publish","type":"post","link":"http:\/\/desarrollo.grupomedios.com\/futbol\/futbol-internacional\/alemania-vencio-a-hungria-en-ultimo-amistoso\/2016\/06","title":{"rendered":"Alemania venci\u00f3 a Hungria en su \u00faltimo amistoso"},"content":{"rendered":"<p style=\"text-align: left;\">Berl\u00edn, 4 jun (EFE).- <strong>Alemania<\/strong> derrot\u00f3 este s\u00e1bado a <strong>Hungr\u00eda<\/strong> por 2-0 en un amistoso que fue el \u00faltimo examen para los campeones del mundo antes de la <span style=\"color: #ff0000;\"><a style=\"color: #ff0000;\" href=\"http:\/\/www.futboltotal.com.mx\/eurocopa-2016\/\" target=\"_blank\">Eurocopa<\/a><\/span> y con un once inicial que puede ser el del primer partido en Francia contra Ucrania.<\/p>\n<p>La \u00fanica excepci\u00f3n puede ser Bastian Schweinsteiger que, tras recuperarse de una lesi\u00f3n de rodilla, jug\u00f3 poco m\u00e1s de 20 minutos y no est\u00e1 todav\u00eda para un partido completo, pero puede estarlo para el comienzo del torneo.<\/p>\n<p>El otro ausente notable, el central Mats Hummels, se est\u00e1 recuperando de una lesi\u00f3n muscular y se da por hecho que no estar\u00e1 a punto para el duelo contra Ucrania en Francia.<\/p>\n<p>Los alemanes asumieron la iniciativa desde el comienzo y pudieron adquirir ventaja ya en el primer minuto, cuando el \u00e1rbitro Martin Str\u00f6mbergsson anul\u00f3 un gol a Julian Draxler por presunto fuera de juego.<\/p>\n<p>Lugo hubo varias ocasiones como un remate desde lejos de Thomas M\u00fcller en el minuto 11 que el meta Gabor Kiraly tuvo que desviar a saque de esquina. En la siguiente jugada, el central Antonio R\u00fcdiger lleg\u00f3 al cabezazo, pero su remate sali\u00f3 desviado.<\/p>\n<p style=\"text-align: center;\"><a href=\"http:\/\/www.futboltotal.com.mx\/2016\/06\/heroes-la-euro-angelos-charisteas\/\" target=\"_blank\">LEER M\u00c1S:\u00a0H\u00e9roes de la Euro | Angelos Charisteas<\/a><\/p>\n<p>Atr\u00e1s, a ratos, <strong>Alemania<\/strong> le daba algunas ventajas a los h\u00fangaros en las bandas cuando estos se decid\u00edan a atacar, pero la manera como se estaba jugando el partido apuntaba a que el gol alem\u00e1n ten\u00eda que jugar y este lleg\u00f3 en el minuto 39 cuando Adam Lang marc\u00f3 en propia puerta.<\/p>\n<p>La jugada la inici\u00f3 Sami Khedira que le meti\u00f3 un bal\u00f3n al \u00e1rea a Draxler que la prolong\u00f3 para Jonas Hector cuyo centro, que buscaba a Mario G\u00f6tze, peg\u00f3 en la pierna de Lang para irse al fondo de la red.<\/p>\n<p>En la segunda parte <strong>Alemania<\/strong> se mostr\u00f3 menos incisiva, pero su dominio territorial fue m\u00e1s claro y en la primera ocasi\u00f3n clara marc\u00f3 el segundo gol.<\/p>\n<p>La jugada se inici\u00f3 con un centro al \u00e1rea del central Jerome Boateng para Mario G\u00f3mez cuyo remate de cabeza fue rechazado por Kiraly. El rebote le qued\u00f3 a Thomas M\u00fcller que marc\u00f3 a puerta vac\u00eda.<\/p>\n<p><strong>Ficha t\u00e9cnica:<\/strong><\/p>\n<p>2 &#8211; <strong>Alemania<\/strong>: Neuer; H\u00f6wedes, Boateng, R\u00fcdiger, Hector (Can, 46); Khedira (G\u00f3mez, 46), Kroos (Schweinsteiger, 68); M\u00fcller (Sane, 69), \u00d6zil, Draxler (Sch\u00fcrrle, 60); G\u00f6tze (Podolski, 78).<\/p>\n<p>0 &#8211; <strong>Hungr\u00eda<\/strong>: Kiraly; Fiola (Besse, 82), Lang, Guzmics, Kadar; A.Nagy, Pinter (Gera, 59); Dzsudszacs, Kleinheisler (Stieber, 82), Lovrencsics; Szalai (Priskin, 64).<\/p>\n<p>Goles: 1-0 (min 39, Lang en propia puerta), 2-0 (min 63, M\u00fcller)<\/p>\n<p>\u00c1rbitro: Martin Str\u00f6mbergsson (Suecia) amonest\u00f3 a Kroos y Kleinheisler<\/p>\n<p>Incidencias: partido amistoso disputado en la Veltnis Arena de Gelsenkirchen.EFE<\/p>\n","protected":false},"excerpt":{"rendered":"<p>Alemania sali\u00f3 triunfal previo al inicio de la Eurocopa<\/p>\n","protected":false},"author":20,"featured_media":401794,"comment_status":"closed","ping_status":"closed","sticky":false,"template":"","format":"standard","meta":[],"categories":[6995,3839,6999,5951],"tags":[6000,6152,2752],"_links":{"self":[{"href":"http:\/\/desarrollo.grupomedios.com\/futbol\/wp-json\/wp\/v2\/posts\/401789"}],"collection":[{"href":"http:\/\/desarrollo.grupomedios.com\/futbol\/wp-json\/wp\/v2\/posts"}],"about":[{"href":"http:\/\/desarrollo.grupomedios.com\/futbol\/wp-json\/wp\/v2\/types\/post"}],"author":[{"embeddable":true,"href":"http:\/\/desarrollo.grupomedios.com\/futbol\/wp-json\/wp\/v2\/users\/20"}],"replies":[{"embeddable":true,"href":"http:\/\/desarrollo.grupomedios.com\/futbol\/wp-json\/wp\/v2\/comments?post=401789"}],"version-history":[{"count":0,"href":"http:\/\/desarrollo.grupomedios.com\/futbol\/wp-json\/wp\/v2\/posts\/401789\/revisions"}],"wp:featuredmedia":[{"embeddable":true,"href":"http:\/\/desarrollo.grupomedios.com\/futbol\/wp-json\/wp\/v2\/media\/401794"}],"wp:attachment":[{"href":"http:\/\/desarrollo.grupomedios.com\/futbol\/wp-json\/wp\/v2\/media?parent=401789"}],"wp:term":[{"taxonomy":"category","embeddable":true,"href":"http:\/\/desarrollo.grupomedios.com\/futbol\/wp-json\/wp\/v2\/categories?post=401789"},{"taxonomy":"post_tag","embeddable":true,"href":"http:\/\/desarrollo.grupomedios.com\/futbol\/wp-json\/wp\/v2\/tags?post=401789"}],"curies":[{"name":"wp","href":"https:\/\/api.w.org\/{rel}","templated":true}]}}