{"id":401813,"date":"2016-06-05T08:00:01","date_gmt":"2016-06-05T14:00:01","guid":{"rendered":"http:\/\/www.futboltotal.com.mx\/?p=401813"},"modified":"2016-06-05T08:22:04","modified_gmt":"2016-06-05T14:22:04","slug":"tri-a-la-carga-en-copa-america","status":"publish","type":"post","link":"http:\/\/desarrollo.grupomedios.com\/futbol\/destacado-home\/tri-a-la-carga-en-copa-america\/2016\/06","title":{"rendered":"El TRI\u2026 \u00a1A la carga!"},"content":{"rendered":"<p>Cuatro seleccionados con experiencia en <b>Copa Am\u00e9rica<\/b>: \u00d3scar P\u00e9rez, Joel S\u00e1nchez, Alberto Garc\u00eda Aspe y Juan Carlos Cacho nos hablan de los argumentos que tiene <b>M\u00e9xico<\/b> para competir en el torneo.<\/p>\n<p>Arqueros de primera l\u00ednea, defensores probados en los m\u00e1ximos escenarios, mediocampistas vers\u00e1tiles y delanteros que han ganado proyecci\u00f3n internacional conforman el potencial del <i>Tri<\/i>.<\/p>\n<p><span style=\"color: #800000;\">\u00d3SCAR P\u00c9REZ<\/span><em>\u00a0| Buenas opciones, pero Tala lleva mano<\/em><\/p>\n<p><a href=\"http:\/\/www.futboltotal.com.mx\/2016\/06\/tri-a-la-carga-en-copa-america\/tri1porteros\/\" rel=\"attachment wp-att-401815\"><img decoding=\"async\" loading=\"lazy\" class=\"aligncenter size-full wp-image-401815\" src=\"http:\/\/www.futboltotal.com.mx\/wp-content\/uploads\/2016\/06\/tri1porteros.jpg\" alt=\"tri1porteros\" srcset=\"http:\/\/desarrollo.grupomedios.com\/futbol\/wp-content\/uploads\/2016\/06\/tri1porteros.jpg 858w, http:\/\/desarrollo.grupomedios.com\/futbol\/wp-content\/uploads\/2016\/06\/tri1porteros-300x227.jpg 300w, http:\/\/desarrollo.grupomedios.com\/futbol\/wp-content\/uploads\/2016\/06\/tri1porteros-768x580.jpg 768w\" sizes=\"(max-width: 858px) 100vw, 858px\" \/><\/a><\/p>\n<p>\u201cEl ambiente que encuentras en un torneo como la <b>Copa Am\u00e9rica<\/b> es distinto al que\u00a0est\u00e1s acostumbrado en CONCACAF. Los rivales tienen un grado de dificultad mayor.<\/p>\n<p>\u201cEn cuanto a la porter\u00eda, me parece que durante su proceso, el <i>Profe<\/i> Juan Carlos Osorio ha despertado una gran inquietud por estar en la selecci\u00f3n, porque est\u00e1 dando oportunidad a gente que no era tomada en cuenta; eso despierta a todos, pues saben que hay oportunidad de mostrarse.<\/p>\n<p style=\"text-align: center;\"><strong><span style=\"color: #3366ff;\"><a style=\"color: #3366ff;\" href=\"http:\/\/www.futboltotal.com.mx\/2016\/06\/debe-portero-del-tri-en-copa-america\/\">LEER M\u00c1S: \u00bfQui\u00e9n debe ser el portero del TRI en Copa Am\u00e9rica?<\/a><\/span><\/strong><\/p>\n<p>\u201cEn cuanto a <b>qui\u00e9n puede ser el portero titular<\/b> para la <b>Copa Am\u00e9rica Centenario<\/b>, para m\u00ed el que anda mejor y sobresale es <b>Alfredo Talavera<\/b>. Desde mi punto de vista, sin duda, \u00e9l va a atajar en el torneo. <i>Tala<\/i> es un portero muy regular; jug\u00f3 Copa Libertadores y anda muy bien. En cuanto a sus condiciones, destacan su agilidad y ubicaci\u00f3n, sale a cortar los centros, tiene mucha potencia y reflejos. Es un arquero muy completo.<\/p>\n<p>\u201cOtro que veo bien es <i>Chuy<\/i> Corona. Retom\u00f3 su nivel, anda bien. \u00c9l es un portero m\u00e1s sobrio, con gran seguridad de manos y colocaci\u00f3n. Es muy regular\u201d.<\/p>\n<p><span style=\"color: #800000;\">JOEL S\u00c1NCHEZ<\/span><em>\u00a0|\u00a0Salida limpia y buen juego a\u00e9reo<\/em><\/p>\n<p><a href=\"http:\/\/www.futboltotal.com.mx\/2016\/06\/tri-a-la-carga-en-copa-america\/defensastri\/\" rel=\"attachment wp-att-401821\"><img decoding=\"async\" loading=\"lazy\" class=\"aligncenter size-full wp-image-401821\" src=\"http:\/\/www.futboltotal.com.mx\/wp-content\/uploads\/2016\/06\/defensastri.jpg\" alt=\"defensastri\" srcset=\"http:\/\/desarrollo.grupomedios.com\/futbol\/wp-content\/uploads\/2016\/06\/defensastri.jpg 858w, http:\/\/desarrollo.grupomedios.com\/futbol\/wp-content\/uploads\/2016\/06\/defensastri-300x251.jpg 300w, http:\/\/desarrollo.grupomedios.com\/futbol\/wp-content\/uploads\/2016\/06\/defensastri-768x643.jpg 768w\" sizes=\"(max-width: 858px) 100vw, 858px\" \/><\/a><\/p>\n<p><a href=\"http:\/\/www.futboltotal.com.mx\/2016\/06\/tri-a-la-carga-en-copa-america\/defensas2d\/\" rel=\"attachment wp-att-401822\"><img decoding=\"async\" loading=\"lazy\" class=\"aligncenter size-full wp-image-401822\" src=\"http:\/\/www.futboltotal.com.mx\/wp-content\/uploads\/2016\/06\/defensas2d.jpg\" alt=\"defensas2d\" srcset=\"http:\/\/desarrollo.grupomedios.com\/futbol\/wp-content\/uploads\/2016\/06\/defensas2d.jpg 858w, http:\/\/desarrollo.grupomedios.com\/futbol\/wp-content\/uploads\/2016\/06\/defensas2d-300x188.jpg 300w, http:\/\/desarrollo.grupomedios.com\/futbol\/wp-content\/uploads\/2016\/06\/defensas2d-768x482.jpg 768w\" sizes=\"(max-width: 858px) 100vw, 858px\" \/><\/a><\/p>\n<p>&#8220;La experiencia de competir en una\u00a0<strong>Copa Am\u00e9rica<\/strong> es muy buena, porque\u00a0te rozas con equipos de primer\u00edsimo\u00a0nivel. La edici\u00f3n que se avecina, la del\u00a0Centenario, puede ser muy productiva\u00a0para la carrera de cualquier jugador.\u00a0Sin ser\u00a0irrespetuoso, no es igual\u00a0enfrentar equipos como\u00a0Honduras o El Salvador,\u00a0que a Uruguay, Chile,\u00a0Brasil\u2026 selecciones que\u00a0suelen ser protagonistas\u00a0a nivel mundial y que\u00a0son grandes exportadores\u00a0a los mejores clubes\u00a0del mundo.<\/p>\n<p style=\"text-align: center;\"><span style=\"color: #3366ff;\"><strong><a style=\"color: #3366ff;\" href=\"http:\/\/www.futboltotal.com.mx\/2016\/06\/tecatito-corona-ira-a-juegos-olimpicos\/\">LEER M\u00c1S: Tecatito Corona no ir\u00e1 a Juegos Ol\u00edmpicos<\/a><\/strong><\/span><\/p>\n<p>&#8220;Espec\u00edficamente en la defensa tenemos\u00a0una generaci\u00f3n muy rica, tanto en\u00a0Europa como en <strong>M\u00e9xico<\/strong>. Los resultados\u00a0los respaldan, porque en los primeros\u00a0encuentros del proceso de Juan Carlos\u00a0Osorio se mantuvieron sin\u00a0gol en contra.\u00a0Es complicado vaticinar\u00a0qui\u00e9nes ser\u00e1n los <strong>defensas titulares\u00a0en la Copa<\/strong>, porque en\u00a0el proceso del profesor Osorio\u00a0ha convocado a much\u00edsimos\u00a0jugadores y la cartera de\u00a0opciones es amplia y buena.<\/p>\n<p>&#8220;Pero en general podemos\u00a0decir que son futbolistas que\u00a0no les impone ning\u00fan escenario, ning\u00fan\u00a0rival. Tanto el entrenador como su cuerpo\u00a0de asistentes habr\u00e1n observado detalles\u00a0comunes, como salida de bal\u00f3n limpia y\u00a0buen juego a\u00e9reo&#8221;.<\/p>\n<p><span style=\"color: #800000;\">ALBERTO GARC\u00cdA ASPE<\/span>\u00a0| <em>Hombres vers\u00e1tiles y experimentados<\/em><\/p>\n<p><a href=\"http:\/\/www.futboltotal.com.mx\/2016\/06\/tri-a-la-carga-en-copa-america\/trimedios\/\" rel=\"attachment wp-att-401824\"><img decoding=\"async\" loading=\"lazy\" class=\"aligncenter size-full wp-image-401824\" src=\"http:\/\/www.futboltotal.com.mx\/wp-content\/uploads\/2016\/06\/trimedios.jpg\" alt=\"trimedios\" srcset=\"http:\/\/desarrollo.grupomedios.com\/futbol\/wp-content\/uploads\/2016\/06\/trimedios.jpg 858w, http:\/\/desarrollo.grupomedios.com\/futbol\/wp-content\/uploads\/2016\/06\/trimedios-300x258.jpg 300w, http:\/\/desarrollo.grupomedios.com\/futbol\/wp-content\/uploads\/2016\/06\/trimedios-768x661.jpg 768w\" sizes=\"(max-width: 858px) 100vw, 858px\" \/><\/a><\/p>\n<p>\u201cA Juan Carlos Osorio le gusta jugar con tres medios y sus pilares son H\u00e9ctor Herrera y Andr\u00e9s Guardado. A Herrera lo ha puesto como volante derecho, zona en la que aporta mucha llegada, sabe ir y venir y tiene gol, aunque le gusta m\u00e1s como medio escudo. Cuando ha aparecido como \u00fanico contenci\u00f3n le cuesta entender que su labor es m\u00e1s de recuperaci\u00f3n que ofensivas.<\/p>\n<p>\u201cGuardado ha jugado como segundo contenci\u00f3n y aporta mucha recuperaci\u00f3n de pelota, llegada al frente y disparo al arco. Osorio tambi\u00e9n ha puesto a Andr\u00e9s como volante por izquierda y hace mucho da\u00f1o gracias a su habilidad y profundidad.<\/p>\n<p style=\"text-align: center;\"><strong><span style=\"color: #3366ff;\"><a style=\"color: #3366ff;\" href=\"http:\/\/www.futboltotal.com.mx\/2016\/06\/elige-11-del-tri-debe-jugar-ante-uruguay\/\">LEER M\u00c1S: El 11 de M\u00e9xico ante Uruguay\u2026<\/a><\/span><\/strong><\/p>\n<p>\u201cOsorio ha probado a otros jugadores y de los que m\u00e1s me han gustado ha sido Jes\u00fas Molina en la contenci\u00f3n. \u00c9l entra cuando el equipo requiere ser m\u00e1s defensivo porque tiene mucha recuperaci\u00f3n y ayuda en los balones a\u00e9reos en t\u00e1ctica fija.<\/p>\n<p>\u201cPara m\u00ed, la media ideal para esta <b>Copa Am\u00e9rica<\/b> debe estar conformada por Herrera y Guardado en la contenci\u00f3n, m\u00e1s adelante pondr\u00eda al <i>Chucky<\/i> Lozano por izquierda y a Javier Aquino por derecha. Con ellos armar\u00eda una l\u00ednea s\u00f3lida, ofensiva y con variantes&#8221;.<\/p>\n<p><span style=\"color: #800000;\">JUAN CARLOS CACHO<\/span> | <em>Chicharito y Jim\u00e9nez mancuerna ideal<\/em><\/p>\n<p><a href=\"http:\/\/www.futboltotal.com.mx\/2016\/06\/tri-a-la-carga-en-copa-america\/tridelanteros\/\" rel=\"attachment wp-att-401826\"><img decoding=\"async\" loading=\"lazy\" class=\"aligncenter size-full wp-image-401826\" src=\"http:\/\/www.futboltotal.com.mx\/wp-content\/uploads\/2016\/06\/tridelanteros.jpg\" alt=\"tridelanteros\" srcset=\"http:\/\/desarrollo.grupomedios.com\/futbol\/wp-content\/uploads\/2016\/06\/tridelanteros.jpg 858w, http:\/\/desarrollo.grupomedios.com\/futbol\/wp-content\/uploads\/2016\/06\/tridelanteros-300x245.jpg 300w, http:\/\/desarrollo.grupomedios.com\/futbol\/wp-content\/uploads\/2016\/06\/tridelanteros-768x627.jpg 768w\" sizes=\"(max-width: 858px) 100vw, 858px\" \/><\/a><\/p>\n<p>\u201cEl t\u00e9cnico Juan Carlos Osorio ha probado distintos delanteros en sus formaciones porque tiene que comparar c\u00f3mo se mueven y reaccionan ante diversas situaciones.<\/p>\n<p>\u201cSi eres delantero, mucho ayudas al hacer goles, pero tambi\u00e9n con otras labores para desequilibrar a los rivales como aguantar la pelota, tirarse a las bandas, hacer buenos recorridos: el trabajo que no se ve, pero que es muy importantes. Yo lo hice en la <b>Copa Am\u00e9rica<\/b> de 2007 y ahora lo hace Ra\u00fal Jim\u00e9nez, incluso Javier Hern\u00e1ndez cuando se bota.<\/p>\n<p style=\"text-align: center;\"><span style=\"color: #3366ff;\"><strong><a style=\"color: #3366ff;\" href=\"http:\/\/www.futboltotal.com.mx\/2016\/06\/chicharito-a-la-caza-del-matador\/\">LEER M\u00c1S: \u00a1Delantera del Tri, por el R\u00c9CORD del matador!<\/a><\/strong><\/span><\/p>\n<p>\u201cEn el actual proceso, Jes\u00fas Corona es el jugador que m\u00e1s me ha gustado por su gran desequilibrio: \u00e9l es capaz de encarar a varios jugadores y llev\u00e1rselos, tambi\u00e9n me gusta su desgaste f\u00edsico. De Ra\u00fal Jim\u00e9nez, resalto su sacrificio, siempre disputa las pelotas; si bien no tiene mucho gol como otros jugadores, es muy importante su trabajo. Destaco especialmente a Javier Hern\u00e1ndez, por su determinaci\u00f3n para romperla en el extranjero: deber\u00eda ser el ejemplo para los dem\u00e1s seleccionados para esforzarse y hacer un gran papel en la <b>Copa Am\u00e9rica<\/b>.<\/p>\n<p>\u201cPara m\u00ed, el profesor Osorio deber\u00eda jugar con dos puntas: Javier Hern\u00e1ndez y Ra\u00fal Jim\u00e9nez. Chicharito hace muy buenos movimientos para desmarcarse y anotar, se complementar\u00eda con la labor de sacrificio de Ra\u00fal. Creo que ellos se pueden entender muy bien\u201d.<\/p>\n","protected":false},"excerpt":{"rendered":"<p>M\u00e9xico busca la haza\u00f1a ante las potencias de Am\u00e9rica<\/p>\n","protected":false},"author":20,"featured_media":401814,"comment_status":"closed","ping_status":"closed","sticky":false,"template":"","format":"standard","meta":[],"categories":[6950,5,6953,3847,6951,5950],"tags":[2130,65,5979],"_links":{"self":[{"href":"http:\/\/desarrollo.grupomedios.com\/futbol\/wp-json\/wp\/v2\/posts\/401813"}],"collection":[{"href":"http:\/\/desarrollo.grupomedios.com\/futbol\/wp-json\/wp\/v2\/posts"}],"about":[{"href":"http:\/\/desarrollo.grupomedios.com\/futbol\/wp-json\/wp\/v2\/types\/post"}],"author":[{"embeddable":true,"href":"http:\/\/desarrollo.grupomedios.com\/futbol\/wp-json\/wp\/v2\/users\/20"}],"replies":[{"embeddable":true,"href":"http:\/\/desarrollo.grupomedios.com\/futbol\/wp-json\/wp\/v2\/comments?post=401813"}],"version-history":[{"count":0,"href":"http:\/\/desarrollo.grupomedios.com\/futbol\/wp-json\/wp\/v2\/posts\/401813\/revisions"}],"wp:featuredmedia":[{"embeddable":true,"href":"http:\/\/desarrollo.grupomedios.com\/futbol\/wp-json\/wp\/v2\/media\/401814"}],"wp:attachment":[{"href":"http:\/\/desarrollo.grupomedios.com\/futbol\/wp-json\/wp\/v2\/media?parent=401813"}],"wp:term":[{"taxonomy":"category","embeddable":true,"href":"http:\/\/desarrollo.grupomedios.com\/futbol\/wp-json\/wp\/v2\/categories?post=401813"},{"taxonomy":"post_tag","embeddable":true,"href":"http:\/\/desarrollo.grupomedios.com\/futbol\/wp-json\/wp\/v2\/tags?post=401813"}],"curies":[{"name":"wp","href":"https:\/\/api.w.org\/{rel}","templated":true}]}}