{"id":401819,"date":"2016-06-04T15:34:35","date_gmt":"2016-06-04T21:34:35","guid":{"rendered":"http:\/\/www.futboltotal.com.mx\/?p=401819"},"modified":"2016-06-04T16:09:20","modified_gmt":"2016-06-04T22:09:20","slug":"alan-pulido-se-relaja-despues-secuestro","status":"publish","type":"post","link":"http:\/\/desarrollo.grupomedios.com\/futbol\/cambio-de-juego\/alan-pulido-se-relaja-despues-secuestro\/2016\/06","title":{"rendered":"Tras el secuestro, Pulido disfruta de Los Cabos&#8230;"},"content":{"rendered":"<p>Hace una semana se dio a conocer\u00a0el secuestro del delantero mexicano <strong>Alan Pulido<\/strong>, quien fue\u00a0privado de su libertad al salir de una fiesta en la que se encontraba en el estado de Tamaulipas.\u00a0Siete d\u00edas despu\u00e9s, el jugador del Olympiacos fue captado disfrutando, junto\u00a0con sus familiares y amigos, de las playas de <strong>Los Cabos<\/strong>, Baja California.<\/p>\n<p>Diversas im\u00e1genes,\u00a0difundidas por usuarios en las redes sociales,\u00a0muestran a\u00a0<strong>Pulido<\/strong> disfrutando de su estad\u00eda en <strong>Los Cabos<\/strong>. Y en ese sentido, cabe apuntar que el delantero\u00a0han sido duramente\u00a0criticado,\u00a0debido a que el propio jugador mexicano argument\u00f3 que se encontraba en un situaci\u00f3n complicada, misma que le hizo negar una entrevista hace unos d\u00edas.<\/p>\n<p><img decoding=\"async\" loading=\"lazy\" class=\"alignnone size-full wp-image-401823\" src=\"http:\/\/www.futboltotal.com.mx\/wp-content\/uploads\/2016\/06\/Alan-Pulido-en-los-cabos.jpg\" alt=\"Alan-Pulido-en-los-cabos\" srcset=\"http:\/\/desarrollo.grupomedios.com\/futbol\/wp-content\/uploads\/2016\/06\/Alan-Pulido-en-los-cabos.jpg 499w, http:\/\/desarrollo.grupomedios.com\/futbol\/wp-content\/uploads\/2016\/06\/Alan-Pulido-en-los-cabos-230x300.jpg 230w\" sizes=\"(max-width: 499px) 100vw, 499px\" \/><\/p>\n<p><img decoding=\"async\" loading=\"lazy\" class=\"alignnone size-full wp-image-401830\" src=\"http:\/\/www.futboltotal.com.mx\/wp-content\/uploads\/2016\/06\/pulido-foto-twitter.jpg\" alt=\"pulido-foto-twitter\" srcset=\"http:\/\/desarrollo.grupomedios.com\/futbol\/wp-content\/uploads\/2016\/06\/pulido-foto-twitter.jpg 499w, http:\/\/desarrollo.grupomedios.com\/futbol\/wp-content\/uploads\/2016\/06\/pulido-foto-twitter-230x300.jpg 230w\" sizes=\"(max-width: 499px) 100vw, 499px\" \/><\/p>\n","protected":false},"excerpt":{"rendered":"<p>Siete d\u00edas despu\u00e9s, fue captado de vacaciones con su familia<\/p>\n","protected":false},"author":20,"featured_media":401825,"comment_status":"closed","ping_status":"closed","sticky":false,"template":"","format":"standard","meta":[],"categories":[5419],"tags":[1607,7157,7149],"_links":{"self":[{"href":"http:\/\/desarrollo.grupomedios.com\/futbol\/wp-json\/wp\/v2\/posts\/401819"}],"collection":[{"href":"http:\/\/desarrollo.grupomedios.com\/futbol\/wp-json\/wp\/v2\/posts"}],"about":[{"href":"http:\/\/desarrollo.grupomedios.com\/futbol\/wp-json\/wp\/v2\/types\/post"}],"author":[{"embeddable":true,"href":"http:\/\/desarrollo.grupomedios.com\/futbol\/wp-json\/wp\/v2\/users\/20"}],"replies":[{"embeddable":true,"href":"http:\/\/desarrollo.grupomedios.com\/futbol\/wp-json\/wp\/v2\/comments?post=401819"}],"version-history":[{"count":0,"href":"http:\/\/desarrollo.grupomedios.com\/futbol\/wp-json\/wp\/v2\/posts\/401819\/revisions"}],"wp:featuredmedia":[{"embeddable":true,"href":"http:\/\/desarrollo.grupomedios.com\/futbol\/wp-json\/wp\/v2\/media\/401825"}],"wp:attachment":[{"href":"http:\/\/desarrollo.grupomedios.com\/futbol\/wp-json\/wp\/v2\/media?parent=401819"}],"wp:term":[{"taxonomy":"category","embeddable":true,"href":"http:\/\/desarrollo.grupomedios.com\/futbol\/wp-json\/wp\/v2\/categories?post=401819"},{"taxonomy":"post_tag","embeddable":true,"href":"http:\/\/desarrollo.grupomedios.com\/futbol\/wp-json\/wp\/v2\/tags?post=401819"}],"curies":[{"name":"wp","href":"https:\/\/api.w.org\/{rel}","templated":true}]}}