{"id":401837,"date":"2016-06-04T16:45:01","date_gmt":"2016-06-04T22:45:01","guid":{"rendered":"http:\/\/www.futboltotal.com.mx\/?p=401837"},"modified":"2016-06-04T16:45:50","modified_gmt":"2016-06-04T22:45:50","slug":"la-misterioso-mensaje-gerardo-torrado","status":"publish","type":"post","link":"http:\/\/desarrollo.grupomedios.com\/futbol\/futbol-mexicano\/la-misterioso-mensaje-gerardo-torrado\/2016\/06","title":{"rendered":"El misterioso mensaje de Gerardo Torrado"},"content":{"rendered":"<p>El futuro inmediato de <b>Gerardo Torrado<\/b> es altamente incierto. Se desconoce si se mantendr\u00e1 en <b><a href=\"http:\/\/www.futboltotal.com.mx\/equipos\/cruz-azul\/\" target=\"_blank\">Cruz Azul<\/a><\/b> o si pasar\u00e1 a las filas del Necaxa, escuadra que ha mostrado inter\u00e9s en el experimentado mediocampista mexicano.<\/p>\n<p>Y lejos de aclarar la situaci\u00f3n, la \u00faltima actualizaci\u00f3n que realiz\u00f3 <b>Torrado<\/b> en su cuenta de Twitter acrecent\u00f3 la incertidumbre.<\/p>\n<p><a href=\"http:\/\/www.futboltotal.com.mx\/2016\/06\/la-misterioso-mensaje-gerardo-torrado\/gerardo-torrado-cruz-azul-2\/\" rel=\"attachment wp-att-401838\"><img decoding=\"async\" loading=\"lazy\" class=\"aligncenter size-full wp-image-401838\" src=\"http:\/\/www.futboltotal.com.mx\/wp-content\/uploads\/2016\/06\/gerardo-torrado-cruz-azul.jpg\" alt=\"gerardo-torrado-cruz-azul\" srcset=\"http:\/\/desarrollo.grupomedios.com\/futbol\/wp-content\/uploads\/2016\/06\/gerardo-torrado-cruz-azul.jpg 858w, http:\/\/desarrollo.grupomedios.com\/futbol\/wp-content\/uploads\/2016\/06\/gerardo-torrado-cruz-azul-300x197.jpg 300w, http:\/\/desarrollo.grupomedios.com\/futbol\/wp-content\/uploads\/2016\/06\/gerardo-torrado-cruz-azul-768x503.jpg 768w\" sizes=\"(max-width: 858px) 100vw, 858px\" \/><\/a><\/p>\n<p><b>Gerardo Torrado<\/b>, quien ha defendido la camiseta de la entidad <i>cementera<\/i> en los \u00faltimos 10 a\u00f1os, levant\u00f3 suspicacias entre los aficionados tras quitar su foto en la red social con la playera <em>celeste<\/em>. Y aunque la actualizaci\u00f3n podr\u00eda obedecerse a su pr\u00f3xima participaci\u00f3n con <em>Univisi\u00f3n<\/em>\u00a0como comentarista en la Copa Am\u00e9rica, llama la atenci\u00f3n que\u00a0en la presentaci\u00f3n tambi\u00e9n elimin\u00f3 la leyenda \u201cactualmente jugador de <b>Cruz Azul<\/b>\u201d.<\/p>\n<blockquote class=\"twitter-tweet\" data-lang=\"es\">\n<p dir=\"ltr\" lang=\"es\">Estar\u00e9 colaborando con <a href=\"https:\/\/twitter.com\/UnivisionSports\">@UnivisionSports<\/a> durante la <a href=\"https:\/\/twitter.com\/CA2016\">@CA2016<\/a> ! Les dejo mi primer participaci\u00f3n, espero les guste! <a href=\"https:\/\/t.co\/BjbEuZOsI2\">https:\/\/t.co\/BjbEuZOsI2<\/a><\/p>\n<p>\u2014 Gerardo Torrado (@gerardotorrado6) <a href=\"https:\/\/twitter.com\/gerardotorrado6\/status\/738932345160372224\">4 de junio de 2016<\/a><\/p><\/blockquote>\n<p><script src=\"\/\/platform.twitter.com\/widgets.js\" async=\"\" charset=\"utf-8\"><\/script><\/p>\n<p>La \u00faltima publicaci\u00f3n que <strong>Torrado<\/strong> realiz\u00f3 con referencia al <strong>Cruz Azul<\/strong>\u00a0fue el 6 de mayo.<\/p>\n<blockquote class=\"twitter-tweet\" data-lang=\"es\"><p>\n<a href=\"https:\/\/twitter.com\/hashtag\/LealtadAzul?src=hash\">#LealtadAzul<\/a> <a href=\"https:\/\/t.co\/kYRdtYJ9PN\">pic.twitter.com\/kYRdtYJ9PN<\/a><\/p>\n<p>\u2014 Gerardo Torrado (@gerardotorrado6) <a href=\"https:\/\/twitter.com\/gerardotorrado6\/status\/728410188693135360\">6 de mayo de 2016<\/a>\n<\/p><\/blockquote>\n<p><script src=\"\/\/platform.twitter.com\/widgets.js\" async=\"\" charset=\"utf-8\"><\/script><\/p>\n<p>Cabe apuntar que <strong>Gerardo Torrado<\/strong>, quien <a href=\"http:\/\/www.futboltotal.com.mx\/2016\/05\/gerardo-torrado-le-pone-fecha-a-retiro\/\" target=\"_blank\">hace unos d\u00edas confes\u00f3 que s\u00f3lo jugar\u00eda un a\u00f1os m\u00e1s como profesional<\/a>,\u00a0ha sido vinculado con el Necaxa, reci\u00e9n ascendido a la Liga MX. Sin embargo, sobre ese tema,\u00a0no hay nada en concreto hasta el momento.<\/p>\n","protected":false},"excerpt":{"rendered":"<p>Actualiz\u00f3 su perfil en Twitter y gener\u00f3 incertidumbre<\/p>\n","protected":false},"author":20,"featured_media":401839,"comment_status":"closed","ping_status":"closed","sticky":false,"template":"","format":"standard","meta":[],"categories":[2198,3845],"tags":[5962,379],"_links":{"self":[{"href":"http:\/\/desarrollo.grupomedios.com\/futbol\/wp-json\/wp\/v2\/posts\/401837"}],"collection":[{"href":"http:\/\/desarrollo.grupomedios.com\/futbol\/wp-json\/wp\/v2\/posts"}],"about":[{"href":"http:\/\/desarrollo.grupomedios.com\/futbol\/wp-json\/wp\/v2\/types\/post"}],"author":[{"embeddable":true,"href":"http:\/\/desarrollo.grupomedios.com\/futbol\/wp-json\/wp\/v2\/users\/20"}],"replies":[{"embeddable":true,"href":"http:\/\/desarrollo.grupomedios.com\/futbol\/wp-json\/wp\/v2\/comments?post=401837"}],"version-history":[{"count":0,"href":"http:\/\/desarrollo.grupomedios.com\/futbol\/wp-json\/wp\/v2\/posts\/401837\/revisions"}],"wp:featuredmedia":[{"embeddable":true,"href":"http:\/\/desarrollo.grupomedios.com\/futbol\/wp-json\/wp\/v2\/media\/401839"}],"wp:attachment":[{"href":"http:\/\/desarrollo.grupomedios.com\/futbol\/wp-json\/wp\/v2\/media?parent=401837"}],"wp:term":[{"taxonomy":"category","embeddable":true,"href":"http:\/\/desarrollo.grupomedios.com\/futbol\/wp-json\/wp\/v2\/categories?post=401837"},{"taxonomy":"post_tag","embeddable":true,"href":"http:\/\/desarrollo.grupomedios.com\/futbol\/wp-json\/wp\/v2\/tags?post=401837"}],"curies":[{"name":"wp","href":"https:\/\/api.w.org\/{rel}","templated":true}]}}