{"id":401860,"date":"2016-06-08T12:20:59","date_gmt":"2016-06-08T18:20:59","guid":{"rendered":"http:\/\/www.futboltotal.com.mx\/?p=401860"},"modified":"2016-06-09T01:01:50","modified_gmt":"2016-06-09T07:01:50","slug":"en-vivo-draft-liga-mx-rumbo-al-apertura-2016","status":"publish","type":"post","link":"http:\/\/desarrollo.grupomedios.com\/futbol\/destacado-home\/en-vivo-draft-liga-mx-rumbo-al-apertura-2016\/2016\/06","title":{"rendered":"DRAFT Liga MX&#8230; rumbo al Apertura 2016"},"content":{"rendered":"<p><a class=\"twitter-timeline\" href=\"https:\/\/twitter.com\/search?q=from%3Afutboltotal\" data-widget-id=\"740569918723133441\">Tweets sobre from:futboltotal<\/a><br \/>\n<script>\/\/ <![CDATA[\n!function(d,s,id){var js,fjs=d.getElementsByTagName(s)[0],p=\/^http:\/.test(d.location)?'http':'https';if(!d.getElementById(id)){js=d.createElement(s);js.id=id;js.src=p+\":\/\/platform.twitter.com\/widgets.js\";fjs.parentNode.insertBefore(js,fjs);}}(document,\"script\",\"twitter-wjs\");\n\/\/ ]]><\/script><\/p>\n<p><a class=\"twitter-timeline\" href=\"https:\/\/twitter.com\/search?q=from%3ACruz_Azul_FC%20OR%20from%3APumasMX%20OR%20from%3Aclubleonfc%20OR%20from%3Atolucafc%20OR%20from%3Atuzos%20OR%20from%3Aclubsantos%20OR%20from%3Aclubnecaxa%20OR%20from%3Aclub_queretaro%20OR%20from%3Aclubamerica%20OR%20from%3ATigresOficial%20OR%20from%3ARayados%20OR%20from%3AChiapas_FC%20OR%20from%3AXolos%20OR%20from%3AFuerzaMonarca%20OR%20from%3APueblaFC%20OR%20from%3AClubTiburones%20OR%20from%3AAtlasfc%20OR%20from%3AChivas%20OR%20from%3ALigaBancomerMX\" data-widget-id=\"740567973073588224\">Tweets sobre from:Cruz_Azul_FC OR from:PumasMX OR from:clubleonfc OR from:tolucafc OR from:tuzos OR from:clubsantos OR from:clubnecaxa OR from:club_queretaro OR from:clubamerica OR from:TigresOficial OR from:Rayados OR from:Chiapas_FC OR from:Xolos OR from:FuerzaMonarca OR from:PueblaFC OR from:ClubTiburones OR from:Atlasfc OR from:Chivas OR from:LigaBancomerMX<\/a><br \/>\n<script>\/\/ <![CDATA[\n!function(d,s,id){var js,fjs=d.getElementsByTagName(s)[0],p=\/^http:\/.test(d.location)?'http':'https';if(!d.getElementById(id)){js=d.createElement(s);js.id=id;js.src=p+\":\/\/platform.twitter.com\/widgets.js\";fjs.parentNode.insertBefore(js,fjs);}}(document,\"script\",\"twitter-wjs\");\n\/\/ ]]><\/script><\/p>\n<p><span style=\"color: #800000;\">Lo QUE se DICE previo al DRAFT&#8230;<\/span><\/p>\n<p><span style=\"color: #ff0000;\">00:00<\/span>\u00a0|\u00a0Miguel Herrera analiza el fichaje del\u00a0<em>Maza<\/em> Rodr\u00edguez, pretende que sea el hombre de experiencia en\u00a0el\u00a0equipo juvenil que pretende armar con\u00a0<em>Xolos<\/em>.<\/p>\n<p><span style=\"color: #ff0000;\">00:00<\/span>\u00a0|\u00a0Jonathan Orozco ser\u00e1 puesto transferible en el DRAFT, asegura Luis Miguel Salvador, presidente\u00a0de <em>Rayados<\/em> de Monterrey.<\/p>\n<p><a href=\"http:\/\/www.futboltotal.com.mx\/2016\/06\/en-vivo-draft-liga-mx-rumbo-al-apertura-2016\/jona-orozco-transferible-draft\/\" rel=\"attachment wp-att-402432\"><img decoding=\"async\" loading=\"lazy\" class=\"aligncenter size-full wp-image-402432\" src=\"http:\/\/www.futboltotal.com.mx\/wp-content\/uploads\/2016\/06\/jona-orozco-transferible-draft.jpg\" alt=\"jona-orozco-transferible-draft\" srcset=\"http:\/\/desarrollo.grupomedios.com\/futbol\/wp-content\/uploads\/2016\/06\/jona-orozco-transferible-draft.jpg 858w, http:\/\/desarrollo.grupomedios.com\/futbol\/wp-content\/uploads\/2016\/06\/jona-orozco-transferible-draft-300x151.jpg 300w, http:\/\/desarrollo.grupomedios.com\/futbol\/wp-content\/uploads\/2016\/06\/jona-orozco-transferible-draft-768x386.jpg 768w\" sizes=\"(max-width: 858px) 100vw, 858px\" \/><\/a><\/p>\n<p><span style=\"color: #ff0000;\">00:00<\/span>\u00a0| Y hablando de contrataciones&#8230; Los <em>Tiburones Rojos<\/em> del Veracruz confirman a su primer refuerzo:<\/p>\n<blockquote class=\"twitter-tweet\" data-lang=\"es\">\n<p dir=\"ltr\" lang=\"es\">\u00a1Bienvenido, Mat\u00edas! Les informamos que el defensa Mat\u00edas Cahais es nuevo jugador de <a href=\"https:\/\/twitter.com\/ClubTiburones\">@ClubTiburones<\/a> <a href=\"https:\/\/twitter.com\/hashtag\/Nac%C3%ADTibur%C3%B3n?src=hash\">#Nac\u00edTibur\u00f3n<\/a>\u26bd\ufe0f???????? <a href=\"https:\/\/t.co\/JYAybFSnbY\">pic.twitter.com\/JYAybFSnbY<\/a><\/p>\n<p>\u2014 Tiburones Rojos (@ClubTiburones) <a href=\"https:\/\/twitter.com\/ClubTiburones\/status\/740247091327311872\">7 de junio de 2016<\/a><\/p><\/blockquote>\n<p><script src=\"\/\/platform.twitter.com\/widgets.js\" async=\"\" charset=\"utf-8\"><\/script><\/p>\n<p><span style=\"color: #ff0000;\">00:00<\/span>\u00a0|\u00a0&#8220;Aquino no est\u00e1 transferible y Gignac se queda&#8221;, sentenci\u00f3 Alejandro Rodr\u00edguez, presidente de Tigres.<\/p>\n<p><span style=\"color: #ff0000;\">00:00<\/span>\u00a0|\u00a0Jaime Ordiales, presidente deportivo de <strong>Chivas<\/strong>, apunta que un jugador de\u00a0Tigres les interesa y que\u00a0intentar\u00e1n cerrar su contrataci\u00f3n ma\u00f1ana, durante el R\u00e9gimen de Transferencias.<\/p>\n<p><span style=\"color: #ff0000;\">00:00<\/span> |\u00a0&#8220;Omar Bravo puede estar transferible&#8221;, agrega\u00a0Ordiales. Y ante ello, trasciende que el delantero mexicano podr\u00eda emigrar a la MLS.<\/p>\n<p><span style=\"color: #ff0000;\">00:00<\/span>\u00a0| Adem\u00e1s,\u00a0<strong>Chivas<\/strong> descarta que busquen a\u00a0Jonathan Orozco\u00a0(<em>Rayados<\/em>), Alan Pulido (Olympiacos) y a Javier Aquino\u00a0(Tigres)<\/p>\n<p><a href=\"http:\/\/www.futboltotal.com.mx\/2016\/06\/en-vivo-draft-liga-mx-rumbo-al-apertura-2016\/en-vivo-draft-apertura-2016-liga-mx\/\" rel=\"attachment wp-att-402391\"><img decoding=\"async\" loading=\"lazy\" class=\"aligncenter size-full wp-image-402391\" src=\"http:\/\/www.futboltotal.com.mx\/wp-content\/uploads\/2016\/06\/en-vivo-draft-apertura-2016-liga-mx.jpg\" alt=\"en-vivo-draft-apertura-2016-liga-mx\" srcset=\"http:\/\/desarrollo.grupomedios.com\/futbol\/wp-content\/uploads\/2016\/06\/en-vivo-draft-apertura-2016-liga-mx.jpg 858w, http:\/\/desarrollo.grupomedios.com\/futbol\/wp-content\/uploads\/2016\/06\/en-vivo-draft-apertura-2016-liga-mx-300x151.jpg 300w, http:\/\/desarrollo.grupomedios.com\/futbol\/wp-content\/uploads\/2016\/06\/en-vivo-draft-apertura-2016-liga-mx-768x386.jpg 768w\" sizes=\"(max-width: 858px) 100vw, 858px\" \/><\/a><\/p>\n<p><span style=\"color: #ff0000;\">00:00<\/span>\u00a0|\u00a0&#8220;Es dif\u00edcil que se pueda quedar&#8221;, dijo Andr\u00e9s Fassi, directivo del Pachuca,\u00a0sobre\u00a0el futuro del <em>Chucky<\/em> Lozano, quien suena con fuerza para llegar al Manchester United.<\/p>\n<p><span style=\"color: #ff0000;\">00:00<\/span>\u00a0| Los colombianos Wilson Morelo y Yimmi Char\u00e1 son pretendidos por el Atlas, seg\u00fan reconoci\u00f3 el <em>Profe<\/em>\u00a0Cruz, DT de los <em>Zorros<\/em>, quien agreg\u00f3\u00a0que el inter\u00e9s\u00a0por\u00a0Milton Caraglio se ha desvanecido.<\/p>\n<p>Este mi\u00e9rcoles\u00a0se celebrar\u00e1 el\u00a0<strong>DRAFT<\/strong>\u00a0de la <strong><a href=\"http:\/\/www.futboltotal.com.mx\/futbol-mexicano\/\" target=\"_blank\">Liga MX<\/a><\/strong> rumbo al\u00a0<strong>Apertura 2016<\/strong>. En R\u00e9gimen de Transferencias veraniego, los 18 equipos de la m\u00e1xima categor\u00eda del balompi\u00e9 nacional\u00a0formalizar\u00e1n sus primeras contrataciones.<\/p>\n<p>Sin duda, la atenci\u00f3n estar\u00e1 puesta en los movimientos que hagan los cuatro grandes: <a href=\"http:\/\/www.futboltotal.com.mx\/equipos\/america\/\" target=\"_blank\">Am\u00e9rica<\/a>, <a href=\"http:\/\/www.futboltotal.com.mx\/equipos\/guadalajara\/\" target=\"_blank\">Chivas<\/a>,\u00a0<a href=\"http:\/\/www.futboltotal.com.mx\/equipos\/cruz-azul\/\" target=\"_blank\">Cruz Azul<\/a> y <a href=\"http:\/\/www.futboltotal.com.mx\/equipos\/unam\/\" target=\"_blank\">Pumas<\/a>.\u00a0En ese sentido, destacar que tanto el\u00a0<em>Reba\u00f1o <\/em>como las<em> \u00c1guilas\u00a0<\/em>ya realizaron sus primeros movimientos: los\u00a0<em>rojiblancos<\/em>\u00a0con los fichajes de Marco Bueno y el\u00a0<em>Gallito<\/em> V\u00e1zquez, mientras que los <em>azulcrema<\/em> se hicieron del defensa paraguayo Bruno Valdez.<\/p>\n<p style=\"text-align: center;\"><span style=\"color: #3366ff;\"><strong><a style=\"color: #3366ff;\" href=\"http:\/\/www.futboltotal.com.mx\/2016\/06\/futbol-estufa-rumbo-al-apertura-2016-altas-bajas-rumores\/\" target=\"_blank\">LEER M\u00c1S: Futbol de Estufa |\u00a0Apertura 2016<\/a><\/strong><\/span><\/p>\n<p>De momento Guadalajara, Am\u00e9rica, Toluca y Necaxa\u00a0tienen contrataciones oficiales, mientras que el equipo de la UNAM, Veracruz, Toluca, Puebla, Atlas y Chiapas hicieron ajustes en la direcci\u00f3n t\u00e9cnica; en ese punto,\u00a0destacan los nombramientos\u00a0de Francisco Palencia con los <em>Auriazules<\/em> y la de Hern\u00e1n Cristante con los <em>Diablos Rojos<\/em>.<\/p>\n<p>Un equipo que\u00a0puede sobresalir en el <em>mercado de piernas\u00a0<\/em>es Necaxa pues podr\u00eda tener numerosas altas, despu\u00e9s de conseguir su ascenso al m\u00e1ximo circuito; situaci\u00f3n similar a la de <em>Xolos<\/em>, que tras poner a todos transferibles se perfila para aprovechar el <strong>DRAFT<\/strong>\u00a0y volver a armar un grupo competitivo.<\/p>\n<p>En\u00a0Futbol Total\u00a0te daremos todos los movimientos que se hagan durante este el <strong>DRAFT<\/strong>\u00a0de la <strong>Liga MX<\/strong>\u00a0rumbo al <strong>Apertura 2016<\/strong>.<\/p>\n","protected":false},"excerpt":{"rendered":"<p>Sigue la cobertura del R\u00e9gimen de Transferencias<\/p>\n","protected":false},"author":20,"featured_media":401861,"comment_status":"closed","ping_status":"closed","sticky":false,"template":"","format":"standard","meta":[],"categories":[5,2198,3845],"tags":[4847,64],"_links":{"self":[{"href":"http:\/\/desarrollo.grupomedios.com\/futbol\/wp-json\/wp\/v2\/posts\/401860"}],"collection":[{"href":"http:\/\/desarrollo.grupomedios.com\/futbol\/wp-json\/wp\/v2\/posts"}],"about":[{"href":"http:\/\/desarrollo.grupomedios.com\/futbol\/wp-json\/wp\/v2\/types\/post"}],"author":[{"embeddable":true,"href":"http:\/\/desarrollo.grupomedios.com\/futbol\/wp-json\/wp\/v2\/users\/20"}],"replies":[{"embeddable":true,"href":"http:\/\/desarrollo.grupomedios.com\/futbol\/wp-json\/wp\/v2\/comments?post=401860"}],"version-history":[{"count":0,"href":"http:\/\/desarrollo.grupomedios.com\/futbol\/wp-json\/wp\/v2\/posts\/401860\/revisions"}],"wp:featuredmedia":[{"embeddable":true,"href":"http:\/\/desarrollo.grupomedios.com\/futbol\/wp-json\/wp\/v2\/media\/401861"}],"wp:attachment":[{"href":"http:\/\/desarrollo.grupomedios.com\/futbol\/wp-json\/wp\/v2\/media?parent=401860"}],"wp:term":[{"taxonomy":"category","embeddable":true,"href":"http:\/\/desarrollo.grupomedios.com\/futbol\/wp-json\/wp\/v2\/categories?post=401860"},{"taxonomy":"post_tag","embeddable":true,"href":"http:\/\/desarrollo.grupomedios.com\/futbol\/wp-json\/wp\/v2\/tags?post=401860"}],"curies":[{"name":"wp","href":"https:\/\/api.w.org\/{rel}","templated":true}]}}