{"id":401891,"date":"2016-06-04T19:26:29","date_gmt":"2016-06-05T01:26:29","guid":{"rendered":"http:\/\/www.futboltotal.com.mx\/?p=401891"},"modified":"2016-06-04T19:26:29","modified_gmt":"2016-06-05T01:26:29","slug":"juan-carlos-osorio-estrategias-erradicar-a-uruguay","status":"publish","type":"post","link":"http:\/\/desarrollo.grupomedios.com\/futbol\/futbol-mexicano\/juan-carlos-osorio-estrategias-erradicar-a-uruguay\/2016\/06","title":{"rendered":"Osorio, con varias estrategias para erradicar a Uruguay"},"content":{"rendered":"<p>A un d\u00eda de debutar en la Copa Am\u00e9rica, el t\u00e9cnico de la <strong><a href=\"http:\/\/www.futboltotal.com.mx\/futbol-mexicano\/seleccion-mexicana\/\" target=\"_blank\">Selecci\u00f3n Mexicana<\/a><\/strong>, <strong>Juan Carlos Osorio<\/strong>, asegur\u00f3 que tiene varias estrategias para enfrentar a <strong>Uruguay<\/strong> gracias a que cuenta con un plantel \u201cflexible\u201d.<\/p>\n<p>\u201cTenemos un once que puede ser flexible y se puede acomodar dentro del juego. Para jugar contra un 4-4-2, pensamos en hacer superioridad num\u00e9rica contra dos de ellos, la duda que tenemos ante la supuesta ausencia de Luis Su\u00e1rez; no sorprender\u00eda que jugara y ojal\u00e1 jugara para competir contra el mejor <strong>Uruguay<\/strong>\u201d, explic\u00f3 el t\u00e9cnico colombiano en conferencia de prensa.<\/p>\n<blockquote class=\"twitter-tweet\" data-lang=\"es\">\n<p dir=\"ltr\" lang=\"es\">&#8220;Para la afici\u00f3n, gracias por su apoyo. Los jugadores lo sienten, lo reconocen, esperamos retribuirlo&#8221;: Osorio <a href=\"https:\/\/twitter.com\/hashtag\/AmericaParaLosMexicanos?src=hash\">#AmericaParaLosMexicanos<\/a><\/p>\n<p>\u2014 Selecci\u00f3n Nacional (@miseleccionmx) <a href=\"https:\/\/twitter.com\/miseleccionmx\/status\/739236064607408128\">4 de junio de 2016<\/a><\/p><\/blockquote>\n<p><script src=\"\/\/platform.twitter.com\/widgets.js\" async=\"\" charset=\"utf-8\"><\/script><\/p>\n<p>Una de las mayores inc\u00f3gnitas es qui\u00e9n ocupar\u00e1 el arco nacional, situaci\u00f3n que Osorio afirm\u00f3 haber resulto desde el sorteo para la Copa Am\u00e9rica.<\/p>\n<p>\u201cSiempre he tenido definido qui\u00e9n ser\u00e1 el portero desde que <strong>Uruguay<\/strong> nos fue sorteado\u201d, asever\u00f3 el timonel al tiempo de destacar que el arma principal arma de los <em>charr\u00faas<\/em> es su juego a\u00e9reo.<\/p>\n<blockquote class=\"twitter-tweet\" data-lang=\"es\"><p>\n&#8220;Lamentamos profundamente la baja de J\u00fcrgen y C\u00e1ndido nos ofrece velocidad y su perfil natural por la izquierda&#8221;: Osorio<\/p>\n<p>\u2014 Selecci\u00f3n Nacional (@miseleccionmx) <a href=\"https:\/\/twitter.com\/miseleccionmx\/status\/739231745074028544\">4 de junio de 2016<\/a>\n<\/p><\/blockquote>\n<p><script src=\"\/\/platform.twitter.com\/widgets.js\" async=\"\" charset=\"utf-8\"><\/script><\/p>\n","protected":false},"excerpt":{"rendered":"<p>&#8220;Siempre he tenido definido qui\u00e9n ser\u00e1 el portero&#8221;, afirm\u00f3 el DT<\/p>\n","protected":false},"author":20,"featured_media":401892,"comment_status":"closed","ping_status":"closed","sticky":false,"template":"","format":"standard","meta":[],"categories":[6950,2198,6953,3847,6951,5950],"tags":[5979],"_links":{"self":[{"href":"http:\/\/desarrollo.grupomedios.com\/futbol\/wp-json\/wp\/v2\/posts\/401891"}],"collection":[{"href":"http:\/\/desarrollo.grupomedios.com\/futbol\/wp-json\/wp\/v2\/posts"}],"about":[{"href":"http:\/\/desarrollo.grupomedios.com\/futbol\/wp-json\/wp\/v2\/types\/post"}],"author":[{"embeddable":true,"href":"http:\/\/desarrollo.grupomedios.com\/futbol\/wp-json\/wp\/v2\/users\/20"}],"replies":[{"embeddable":true,"href":"http:\/\/desarrollo.grupomedios.com\/futbol\/wp-json\/wp\/v2\/comments?post=401891"}],"version-history":[{"count":0,"href":"http:\/\/desarrollo.grupomedios.com\/futbol\/wp-json\/wp\/v2\/posts\/401891\/revisions"}],"wp:featuredmedia":[{"embeddable":true,"href":"http:\/\/desarrollo.grupomedios.com\/futbol\/wp-json\/wp\/v2\/media\/401892"}],"wp:attachment":[{"href":"http:\/\/desarrollo.grupomedios.com\/futbol\/wp-json\/wp\/v2\/media?parent=401891"}],"wp:term":[{"taxonomy":"category","embeddable":true,"href":"http:\/\/desarrollo.grupomedios.com\/futbol\/wp-json\/wp\/v2\/categories?post=401891"},{"taxonomy":"post_tag","embeddable":true,"href":"http:\/\/desarrollo.grupomedios.com\/futbol\/wp-json\/wp\/v2\/tags?post=401891"}],"curies":[{"name":"wp","href":"https:\/\/api.w.org\/{rel}","templated":true}]}}