{"id":401899,"date":"2016-06-04T19:53:35","date_gmt":"2016-06-05T01:53:35","guid":{"rendered":"http:\/\/www.futboltotal.com.mx\/?p=401899"},"modified":"2016-06-04T19:53:35","modified_gmt":"2016-06-05T01:53:35","slug":"eh-pu-dejo-gracioso-guardado","status":"publish","type":"post","link":"http:\/\/desarrollo.grupomedios.com\/futbol\/destacado-home\/eh-pu-dejo-gracioso-guardado\/2016\/06","title":{"rendered":"\u201cEl \u2018eh pu..\u2019, dej\u00f3 de ser gracioso\u201d: Guardado"},"content":{"rendered":"<p>La FIFA subray\u00f3 que no permitir\u00e1 ning\u00fan tipo de manifestaci\u00f3n homof\u00f3bica dentro de los estadios, eso incluye el grito de \u201c<strong>eh, pu\u2026<\/strong>\u201d que a pesar de no tener \u00e9ste tipo de tintes, el organismo ya sancion\u00f3 en un par de ocasiones a la FMF, situaci\u00f3n que ya molesta en la <strong><a href=\"http:\/\/www.futboltotal.com.mx\/futbol-mexicano\/seleccion-mexicana\/\" target=\"_blank\">Selecci\u00f3n Mexicana<\/a><\/strong>, pues dej\u00f3 de ser gracioso, as\u00ed lo afirm\u00f3 <strong>Andr\u00e9s Guardado<\/strong>.<\/p>\n<p>En semanas anteriores, la Federaci\u00f3n Mexicana de Futbol lanz\u00f3 una campa\u00f1a que fracas\u00f3 rotundamente, pues s\u00f3lo provoc\u00f3 que se incrementara dicho grito, sin embargo, con la amenaza de jugar a puerta cerrada, los dirigentes <a href=\"http:\/\/www.futboltotal.com.mx\/2016\/06\/advertencia-del-tri-ya-parale\/\" target=\"_blank\">comenzaron con una segunda petici\u00f3n<\/a>.<\/p>\n<blockquote class=\"twitter-tweet\" data-lang=\"es\">\n<p dir=\"ltr\" lang=\"es\">&#8220;Necesitamos nuestro estadio y a la misma afici\u00f3n no le gustar\u00eda que no los dejaran entrar a un partido de eliminatoria&#8221;: <a href=\"https:\/\/twitter.com\/AGuardado18\">@AGuardado18<\/a><\/p>\n<p>\u2014 Selecci\u00f3n Nacional (@miseleccionmx) <a href=\"https:\/\/twitter.com\/miseleccionmx\/status\/739234847579738114\">4 de junio de 2016<\/a><\/p><\/blockquote>\n<p><script src=\"\/\/platform.twitter.com\/widgets.js\" async=\"\" charset=\"utf-8\"><\/script><\/p>\n<p>\u201cEst\u00e1 claro que la FMF y los jugadores estamos metidos en una campa\u00f1a para tratar de cambiar ese h\u00e1bito, como lo ha dicho hace poco Guillermo Cant\u00fa (secretario general de la FMF), que no se haga en plan ofensa el grito, pero deja de ser gracioso cuando hay sanciones de por medio que puede afectar y que nos veten un estadio\u201d, coment\u00f3 el <em>Principito<\/em> en conferencia de prensa.<\/p>\n<p>En ese sentido, <strong>Guardado<\/strong> destac\u00f3 que si bien no se trata de un grito ofensivo, la FIFA lo considera as\u00ed, por eso se debe erradicar de los recintos del balompi\u00e9.<\/p>\n<p>\u201cOjal\u00e1 la gente nos obedeciera, necesitamos a la gente, que necesitamos que est\u00e9n en el estadio, seguiremos por este camino hasta que consigamos el quitar esa costumbre. No es algo ofensivo para m\u00ed, pero los que sancionan esto lo ven as\u00ed, debemos hacer algo, cambiar esa costumbre\u201d, concluy\u00f3.<\/p>\n<blockquote class=\"twitter-tweet\" data-lang=\"es\"><p>\n&#8220;Estamos haciendo el esfuerzo por remediar la situaci\u00f3n y que haya consecuencias graves&#8221;: Osorio <a href=\"https:\/\/twitter.com\/hashtag\/YaP%C3%A1rale?src=hash\">#YaP\u00e1rale<\/a><\/p>\n<p>\u2014 Selecci\u00f3n Nacional (@miseleccionmx) <a href=\"https:\/\/twitter.com\/miseleccionmx\/status\/739232881520697345\">4 de junio de 2016<\/a>\n<\/p><\/blockquote>\n<p><script src=\"\/\/platform.twitter.com\/widgets.js\" async=\"\" charset=\"utf-8\"><\/script><\/p>\n","protected":false},"excerpt":{"rendered":"<p>El mediocampista pidi\u00f3 olvidar el grito <\/p>\n","protected":false},"author":20,"featured_media":401900,"comment_status":"closed","ping_status":"closed","sticky":false,"template":"","format":"standard","meta":[],"categories":[6950,5,6953,3847,6951],"tags":[5979],"_links":{"self":[{"href":"http:\/\/desarrollo.grupomedios.com\/futbol\/wp-json\/wp\/v2\/posts\/401899"}],"collection":[{"href":"http:\/\/desarrollo.grupomedios.com\/futbol\/wp-json\/wp\/v2\/posts"}],"about":[{"href":"http:\/\/desarrollo.grupomedios.com\/futbol\/wp-json\/wp\/v2\/types\/post"}],"author":[{"embeddable":true,"href":"http:\/\/desarrollo.grupomedios.com\/futbol\/wp-json\/wp\/v2\/users\/20"}],"replies":[{"embeddable":true,"href":"http:\/\/desarrollo.grupomedios.com\/futbol\/wp-json\/wp\/v2\/comments?post=401899"}],"version-history":[{"count":0,"href":"http:\/\/desarrollo.grupomedios.com\/futbol\/wp-json\/wp\/v2\/posts\/401899\/revisions"}],"wp:featuredmedia":[{"embeddable":true,"href":"http:\/\/desarrollo.grupomedios.com\/futbol\/wp-json\/wp\/v2\/media\/401900"}],"wp:attachment":[{"href":"http:\/\/desarrollo.grupomedios.com\/futbol\/wp-json\/wp\/v2\/media?parent=401899"}],"wp:term":[{"taxonomy":"category","embeddable":true,"href":"http:\/\/desarrollo.grupomedios.com\/futbol\/wp-json\/wp\/v2\/categories?post=401899"},{"taxonomy":"post_tag","embeddable":true,"href":"http:\/\/desarrollo.grupomedios.com\/futbol\/wp-json\/wp\/v2\/tags?post=401899"}],"curies":[{"name":"wp","href":"https:\/\/api.w.org\/{rel}","templated":true}]}}