{"id":401946,"date":"2016-06-05T10:09:11","date_gmt":"2016-06-05T16:09:11","guid":{"rendered":"http:\/\/www.futboltotal.com.mx\/?p=401946"},"modified":"2016-06-05T10:09:11","modified_gmt":"2016-06-05T16:09:11","slug":"ningun-club-podra-fichar-a-lewandowski","status":"publish","type":"post","link":"http:\/\/desarrollo.grupomedios.com\/futbol\/futbol-internacional\/ningun-club-podra-fichar-a-lewandowski\/2016\/06","title":{"rendered":"Ning\u00fan club podr\u00e1 fichar a Lewandowski"},"content":{"rendered":"<p>No hay posibilidades para que el <strong>Bayern M\u00fanich<\/strong> valore una oferta millonaria de alg\u00fan club por los servicios del delantero polaco<strong> Robert Lewandowski<\/strong>.<\/p>\n<p>La negativa para negociar el traspaso del delantero polaco ha sido comunicada por el director de la secretaria t\u00e9cnica del conjunto b\u00e1varo,\u00a0Michael Reschke, quien asegur\u00f3:\u00a0\u201cLes puedo decir con certeza que la pr\u00f3xima temporada Lewandowski jugar\u00e1 en el Bayern de M\u00fanich\u201d.<\/p>\n<p style=\"text-align: center;\"><span style=\"color: #3366ff;\"><strong><a style=\"color: #3366ff;\" href=\"http:\/\/www.futboltotal.com.mx\/futbol-internacional\/\">LEER M\u00c1S: Todas las noticias de futbol internacional<\/a><\/strong><\/span><\/p>\n<p>\u201cSu contrato expira en tres a\u00f1os, es el mejor delantero del mundo y no hay ninguna posibilidad de que sea vendido\u201d, agreg\u00f3 el dirigente en una entrevista para la <em>Radio CRC.\u00a0<\/em><\/p>\n<p>Reschke le dio carpetazo al tema al dejar claro que <em>Lewangol\u00a0<\/em>es &#8220;clave en el nuevo proyecto del entrenador&#8221; y\u00a0el club no ha pensado en un recambio para <strong>Lewandowski,\u00a0<\/strong>pese al inter\u00e9s que ha existido del Real Madrid.<\/p>\n<p>Asimismo apunt\u00f3 que tampoco est\u00e1\u00a0interesado en el argentino Gonzalo Higua\u00edn, colocado en la \u00f3rbita del club alem\u00e1n desde hace unas semanas.<\/p>\n<p>\u201cHigua\u00edn est\u00e1 entre los tres o cuatro mejores delanteros del mundo, pero Lewandowski es el mejor. No hay ninguna raz\u00f3n para fichar a otro jugador en esa posici\u00f3n\u201d, acot\u00f3 el directivo del M\u00fanich.<\/p>\n<p>&nbsp;<\/p>\n<p>&nbsp;<\/p>\n","protected":false},"excerpt":{"rendered":"<p>Los b\u00e1varos aseguran al delantero polaco tras la llegada de Ancelotti <\/p>\n","protected":false},"author":20,"featured_media":401947,"comment_status":"closed","ping_status":"closed","sticky":false,"template":"","format":"standard","meta":[],"categories":[3839,6822,5951],"tags":[5051],"_links":{"self":[{"href":"http:\/\/desarrollo.grupomedios.com\/futbol\/wp-json\/wp\/v2\/posts\/401946"}],"collection":[{"href":"http:\/\/desarrollo.grupomedios.com\/futbol\/wp-json\/wp\/v2\/posts"}],"about":[{"href":"http:\/\/desarrollo.grupomedios.com\/futbol\/wp-json\/wp\/v2\/types\/post"}],"author":[{"embeddable":true,"href":"http:\/\/desarrollo.grupomedios.com\/futbol\/wp-json\/wp\/v2\/users\/20"}],"replies":[{"embeddable":true,"href":"http:\/\/desarrollo.grupomedios.com\/futbol\/wp-json\/wp\/v2\/comments?post=401946"}],"version-history":[{"count":0,"href":"http:\/\/desarrollo.grupomedios.com\/futbol\/wp-json\/wp\/v2\/posts\/401946\/revisions"}],"wp:featuredmedia":[{"embeddable":true,"href":"http:\/\/desarrollo.grupomedios.com\/futbol\/wp-json\/wp\/v2\/media\/401947"}],"wp:attachment":[{"href":"http:\/\/desarrollo.grupomedios.com\/futbol\/wp-json\/wp\/v2\/media?parent=401946"}],"wp:term":[{"taxonomy":"category","embeddable":true,"href":"http:\/\/desarrollo.grupomedios.com\/futbol\/wp-json\/wp\/v2\/categories?post=401946"},{"taxonomy":"post_tag","embeddable":true,"href":"http:\/\/desarrollo.grupomedios.com\/futbol\/wp-json\/wp\/v2\/tags?post=401946"}],"curies":[{"name":"wp","href":"https:\/\/api.w.org\/{rel}","templated":true}]}}