{"id":401962,"date":"2016-06-05T13:03:04","date_gmt":"2016-06-05T19:03:04","guid":{"rendered":"http:\/\/www.futboltotal.com.mx\/?p=401962"},"modified":"2016-06-05T13:05:59","modified_gmt":"2016-06-05T19:05:59","slug":"suecia-golea-a-gales-iniciar-la-euro","status":"publish","type":"post","link":"http:\/\/desarrollo.grupomedios.com\/futbol\/futbol-internacional\/suecia-golea-a-gales-iniciar-la-euro\/2016\/06","title":{"rendered":"Suecia golea a Gales antes de iniciar la Euro"},"content":{"rendered":"<p>En el \u00faltimo ensayo antes del arranque para la <strong>Eurocopa 2016<\/strong>, la selecci\u00f3n de <strong>Suecia<\/strong> gole\u00f3 3-0 a Gal\u00e9s con los goles de Emil Forsberg (40&#8242;), Mikael Lustig (57&#8242;) y John Guidetti (87&#8242;) y una notable actuaci\u00f3n de Zlatan Ibrahimovic, quien jug\u00f3 61 minutos y dio una asistencia para encarrilar la victoria en el estadio Friends Arena sueco.<\/p>\n<p><iframe loading=\"lazy\" src=\"https:\/\/www.youtube.com\/embed\/X2voqFQQW_Y\" frameborder=\"0\" allowfullscreen=\"allowfullscreen\"><\/iframe><\/p>\n<p><strong>Gales<\/strong> tuvo un deslucido partido en el que la estrella <strong>Gareth Bale<\/strong> ingres\u00f3 de cambio a falta de 26 minutos para que concluyera el partido y no encontr\u00f3 gol con cuatro disparos realizados. El cuadro dirigido por Chris Coleman apenas realiz\u00f3 un remate entre los tres palos y tuvo carencias en la zona defensiva que fueron maximizadas con la efectividad de Suecia, que convirti\u00f3 en gol la mitad de los tiros realizados apuesta.<\/p>\n<p>Despu\u00e9s de este compromiso amabas selecciones tendr\u00e1n una semana para terminar de alistar su debut en la <strong>Eurocopa 2016<\/strong>. Suecia se estrena en Saint Denis el 13 de junio ante Rep\u00fablica de Irlanda en actividad del Grupo E, mientras el debutante Gales enfrentar\u00e1 a Eslovaquia el 11 de junio en Stade de Bordeaux.<\/p>\n<p>&nbsp;<\/p>\n","protected":false},"excerpt":{"rendered":"<p>Con una notable actuaci\u00f3n de Zlatan los n\u00f3rdicos consiguieron la victoria<\/p>\n","protected":false},"author":20,"featured_media":401963,"comment_status":"closed","ping_status":"closed","sticky":false,"template":"","format":"standard","meta":[],"categories":[6995,3839,6999,5951],"tags":[5537,849],"_links":{"self":[{"href":"http:\/\/desarrollo.grupomedios.com\/futbol\/wp-json\/wp\/v2\/posts\/401962"}],"collection":[{"href":"http:\/\/desarrollo.grupomedios.com\/futbol\/wp-json\/wp\/v2\/posts"}],"about":[{"href":"http:\/\/desarrollo.grupomedios.com\/futbol\/wp-json\/wp\/v2\/types\/post"}],"author":[{"embeddable":true,"href":"http:\/\/desarrollo.grupomedios.com\/futbol\/wp-json\/wp\/v2\/users\/20"}],"replies":[{"embeddable":true,"href":"http:\/\/desarrollo.grupomedios.com\/futbol\/wp-json\/wp\/v2\/comments?post=401962"}],"version-history":[{"count":0,"href":"http:\/\/desarrollo.grupomedios.com\/futbol\/wp-json\/wp\/v2\/posts\/401962\/revisions"}],"wp:featuredmedia":[{"embeddable":true,"href":"http:\/\/desarrollo.grupomedios.com\/futbol\/wp-json\/wp\/v2\/media\/401963"}],"wp:attachment":[{"href":"http:\/\/desarrollo.grupomedios.com\/futbol\/wp-json\/wp\/v2\/media?parent=401962"}],"wp:term":[{"taxonomy":"category","embeddable":true,"href":"http:\/\/desarrollo.grupomedios.com\/futbol\/wp-json\/wp\/v2\/categories?post=401962"},{"taxonomy":"post_tag","embeddable":true,"href":"http:\/\/desarrollo.grupomedios.com\/futbol\/wp-json\/wp\/v2\/tags?post=401962"}],"curies":[{"name":"wp","href":"https:\/\/api.w.org\/{rel}","templated":true}]}}