{"id":401990,"date":"2016-06-05T16:10:07","date_gmt":"2016-06-05T22:10:07","guid":{"rendered":"http:\/\/www.futboltotal.com.mx\/?p=401990"},"modified":"2016-06-05T16:15:24","modified_gmt":"2016-06-05T22:15:24","slug":"anthony-silva-llegaria-al-necaxa","status":"publish","type":"post","link":"http:\/\/desarrollo.grupomedios.com\/futbol\/futbol-mexicano\/anthony-silva-llegaria-al-necaxa\/2016\/06","title":{"rendered":"\u00bfNecaxa busca a reemplazar a Yosgart Guti\u00e9rrez?"},"content":{"rendered":"<p>El <strong>Necaxa<\/strong> parece querer reforzarse de la mejor manera para encarar su lucha por no descender, en la temporada 2016-17, por ello ya est\u00e1n buscando a sus siguientes refuerzos, luego de haber confirmado su primer fichaje.<\/p>\n<p>Trasciende que el guardameta,<strong> Anthony Silva<\/strong>, del Cerro Porte\u00f1o de Paraguay, est\u00e1 en la mira del <strong>Necaxa<\/strong>, y en caso de darse el fichaje del cancerbero, es evidente que habr\u00eda una lucha por la titularidad con <strong>Yosgart Guti\u00e9rrez<\/strong>, al menos que el portero saliera del equipo, durante el Draft de 2016.<\/p>\n<p style=\"text-align: center;\"><span style=\"color: #3366ff;\"><strong><a style=\"color: #3366ff;\" href=\"http:\/\/www.futboltotal.com.mx\/2016\/06\/damm-companero-del-chicharito\/\" target=\"_blank\">LEER M\u00c1S: Jurgen Damm ir\u00eda al Bayer Leverkusen<\/a><\/strong><\/span><\/p>\n<p>Pero adem\u00e1s del cancerbero <em>guaran\u00ed<\/em>, <strong>Anthony Silva<\/strong>, quien fue el portero titular de su selecci\u00f3n, en la Copa Am\u00e9rica 2015 y en el juego ante el <em>TRI<\/em> del pasado 28 de junio; los <em>Rayos<\/em> tambi\u00e9n buscar\u00edan a otro paraguayo, el defensa Danilo Ort\u00edz, quien debut\u00f3 en el Cerro Porte\u00f1o, pero que actualmente milita en el futbol argentino.<\/p>\n","protected":false},"excerpt":{"rendered":"<p>Trasciende que buscan a Anthony Silva, cancerbero guaran\u00ed<\/p>\n","protected":false},"author":20,"featured_media":401991,"comment_status":"closed","ping_status":"closed","sticky":false,"template":"","format":"standard","meta":[],"categories":[2198,3845,5950],"tags":[261],"_links":{"self":[{"href":"http:\/\/desarrollo.grupomedios.com\/futbol\/wp-json\/wp\/v2\/posts\/401990"}],"collection":[{"href":"http:\/\/desarrollo.grupomedios.com\/futbol\/wp-json\/wp\/v2\/posts"}],"about":[{"href":"http:\/\/desarrollo.grupomedios.com\/futbol\/wp-json\/wp\/v2\/types\/post"}],"author":[{"embeddable":true,"href":"http:\/\/desarrollo.grupomedios.com\/futbol\/wp-json\/wp\/v2\/users\/20"}],"replies":[{"embeddable":true,"href":"http:\/\/desarrollo.grupomedios.com\/futbol\/wp-json\/wp\/v2\/comments?post=401990"}],"version-history":[{"count":0,"href":"http:\/\/desarrollo.grupomedios.com\/futbol\/wp-json\/wp\/v2\/posts\/401990\/revisions"}],"wp:featuredmedia":[{"embeddable":true,"href":"http:\/\/desarrollo.grupomedios.com\/futbol\/wp-json\/wp\/v2\/media\/401991"}],"wp:attachment":[{"href":"http:\/\/desarrollo.grupomedios.com\/futbol\/wp-json\/wp\/v2\/media?parent=401990"}],"wp:term":[{"taxonomy":"category","embeddable":true,"href":"http:\/\/desarrollo.grupomedios.com\/futbol\/wp-json\/wp\/v2\/categories?post=401990"},{"taxonomy":"post_tag","embeddable":true,"href":"http:\/\/desarrollo.grupomedios.com\/futbol\/wp-json\/wp\/v2\/tags?post=401990"}],"curies":[{"name":"wp","href":"https:\/\/api.w.org\/{rel}","templated":true}]}}