{"id":401995,"date":"2016-06-05T16:41:39","date_gmt":"2016-06-05T22:41:39","guid":{"rendered":"http:\/\/www.futboltotal.com.mx\/?p=401995"},"modified":"2016-06-05T16:41:39","modified_gmt":"2016-06-05T22:41:39","slug":"ronaldinho-manda-mensaje-apoyo-a-la-seleccion-mexicana-juego-contra-uruguay","status":"publish","type":"post","link":"http:\/\/desarrollo.grupomedios.com\/futbol\/futbol-mexicano\/ronaldinho-manda-mensaje-apoyo-a-la-seleccion-mexicana-juego-contra-uruguay\/2016\/06","title":{"rendered":"Ronaldinho manda apoyo al TRI para duelo ante Uruguay"},"content":{"rendered":"<p>El astro brasile\u00f1o, <strong>Ronaldinho<\/strong>, mand\u00f3 un mensaje a sus ex compa\u00f1eros, Rafael M\u00e1rquez y Yasser Corona, para su primer partido con la <strong><a href=\"http:\/\/futboltotal.com.mx\/futbol-mexicano\/seleccion-mexicana\/\" target=\"_blank\">Selecci\u00f3n Mexicana<\/a><\/strong> en la <strong>Copa Am\u00e9rica<\/strong>, donde enfrentar\u00e1n a Uruguay.<\/p>\n<p>A trav\u00e9s de su cuenta de Twitter, <strong>Ronaldinho<\/strong> alent\u00f3 a Rafael M\u00e1rquez, su ex compa\u00f1ero en Barcelona, y Yasser Corona, con quien comparti\u00f3 vestidor en el Quer\u00e9taro, donde les dese\u00f3 la mejor de las suertes, adem\u00e1s, comparti\u00f3 el <em>hashtag<\/em> que la <strong>Selecci\u00f3n Mexicana<\/strong> usa en la Copa Am\u00e9rica: <em>#AmericaParaLosMexicanos<\/em><\/p>\n<p style=\"text-align: center;\"><span style=\"color: #3366ff;\"><strong><a style=\"color: #3366ff;\" href=\"http:\/\/www.futboltotal.com.mx\/2016\/06\/los-debuts-la-seleccion-mexicana-en-copa-america\/\" target=\"_blank\">LEER M\u00c1S: Los debuts del TRI en Copa Am\u00e9rica<\/a><\/strong><\/span><\/p>\n<blockquote class=\"twitter-tweet\" data-lang=\"es\">\n<p dir=\"ltr\" lang=\"es\">Buena suerte en el juego de hoy a mis amigos <a href=\"https:\/\/twitter.com\/RafaMarquezMX\">@RafaMarquezMX<\/a> , <a href=\"https:\/\/twitter.com\/yasscorona\">@yasscorona<\/a> e para <a href=\"https:\/\/twitter.com\/miseleccionmx\">@miseleccionmx<\/a> que me gusta mucho! <a href=\"https:\/\/twitter.com\/hashtag\/AmericaParaLosMexicanos?src=hash\">#AmericaParaLosMexicanos<\/a><\/p>\n<p>\u2014 Ronaldinho Ga\u00facho (@10Ronaldinho) <a href=\"https:\/\/twitter.com\/10Ronaldinho\/status\/739577314061647872\">5 de junio de 2016<\/a><\/p><\/blockquote>\n<p><script src=\"\/\/platform.twitter.com\/widgets.js\" async=\"\" charset=\"utf-8\"><\/script><\/p>\n<p>Como forma de gratitud y de respuesta, la cuenta de la <strong>Selecci\u00f3n Mexicana<\/strong> comparti\u00f3 el apoyo de <strong>Ronaldinho<\/strong> y una foto del brasile\u00f1o como jugador especial del <em>TRI<\/em> en esta <strong>Copa Am\u00e9rica Centenario<\/strong>.<\/p>\n<blockquote class=\"twitter-tweet\" data-conversation=\"none\" data-lang=\"es\"><p>\n<a href=\"https:\/\/twitter.com\/10Ronaldinho\">@10Ronaldinho<\/a> Gracias por mantener tu apoyo incondicional en cada momento <a href=\"https:\/\/twitter.com\/hashtag\/AmericaParaLosMexicanos?src=hash\">#AmericaParaLosMexicanos<\/a> <a href=\"https:\/\/t.co\/DAFXV2Ijbz\">pic.twitter.com\/DAFXV2Ijbz<\/a><\/p>\n<p>\u2014 Selecci\u00f3n Nacional (@miseleccionmx) <a href=\"https:\/\/twitter.com\/miseleccionmx\/status\/739577542198349826\">5 de junio de 2016<\/a>\n<\/p><\/blockquote>\n<p><script src=\"\/\/platform.twitter.com\/widgets.js\" async=\"\" charset=\"utf-8\"><\/script><\/p>\n","protected":false},"excerpt":{"rendered":"<p>Dinho mand\u00f3 mensaje a Rafa, Yasser y la Selecci\u00f3n Mexicana<\/p>\n","protected":false},"author":20,"featured_media":401996,"comment_status":"closed","ping_status":"closed","sticky":false,"template":"","format":"standard","meta":[],"categories":[6950,2198,3847,6951,5950],"tags":[142,5997],"_links":{"self":[{"href":"http:\/\/desarrollo.grupomedios.com\/futbol\/wp-json\/wp\/v2\/posts\/401995"}],"collection":[{"href":"http:\/\/desarrollo.grupomedios.com\/futbol\/wp-json\/wp\/v2\/posts"}],"about":[{"href":"http:\/\/desarrollo.grupomedios.com\/futbol\/wp-json\/wp\/v2\/types\/post"}],"author":[{"embeddable":true,"href":"http:\/\/desarrollo.grupomedios.com\/futbol\/wp-json\/wp\/v2\/users\/20"}],"replies":[{"embeddable":true,"href":"http:\/\/desarrollo.grupomedios.com\/futbol\/wp-json\/wp\/v2\/comments?post=401995"}],"version-history":[{"count":0,"href":"http:\/\/desarrollo.grupomedios.com\/futbol\/wp-json\/wp\/v2\/posts\/401995\/revisions"}],"wp:featuredmedia":[{"embeddable":true,"href":"http:\/\/desarrollo.grupomedios.com\/futbol\/wp-json\/wp\/v2\/media\/401996"}],"wp:attachment":[{"href":"http:\/\/desarrollo.grupomedios.com\/futbol\/wp-json\/wp\/v2\/media?parent=401995"}],"wp:term":[{"taxonomy":"category","embeddable":true,"href":"http:\/\/desarrollo.grupomedios.com\/futbol\/wp-json\/wp\/v2\/categories?post=401995"},{"taxonomy":"post_tag","embeddable":true,"href":"http:\/\/desarrollo.grupomedios.com\/futbol\/wp-json\/wp\/v2\/tags?post=401995"}],"curies":[{"name":"wp","href":"https:\/\/api.w.org\/{rel}","templated":true}]}}