{"id":402101,"date":"2016-06-05T20:55:50","date_gmt":"2016-06-06T02:55:50","guid":{"rendered":"http:\/\/www.futboltotal.com.mx\/?p=402101"},"modified":"2016-06-06T14:26:15","modified_gmt":"2016-06-06T20:26:15","slug":"jurgen-damm-ya-jugador-del-dortmund","status":"publish","type":"post","link":"http:\/\/desarrollo.grupomedios.com\/futbol\/futbol-mexicano\/jurgen-damm-ya-jugador-del-dortmund\/2016\/06","title":{"rendered":"\u00a1No es Bayer 04! Es Borussia el destino de Damm"},"content":{"rendered":"<p>Desde el 4 de junio, se difundi\u00f3 la noticia de que<strong> Jurgen Damm<\/strong> estar\u00eda cerca de jugar en Europa, pues ya habr\u00eda firmado con un equipo teut\u00f3n. Los medios nacionales, afirmaban que era Bayer Leverkusen el nuevo equipo del volante; sin embargo, parece que el destino es distinto.<\/p>\n<p>El <strong>Borussia Dortmund<\/strong> ser\u00eda el nuevo equipo de<strong> Jurgen Damm<\/strong>, quien se sumar\u00eda a Marco Fabi\u00e1n y Javier Hern\u00e1ndez, como los representantes de M\u00e9xico en la Bundesliga; de acuerdo a informaci\u00f3n de comentaristas de la cadena <em>Fox Sports<\/em>.<\/p>\n<p style=\"text-align: center;\"><span style=\"color: #3366ff;\"><strong><a style=\"color: #3366ff;\" href=\"http:\/\/www.futboltotal.com.mx\/2016\/06\/resultado-copa-america-mexico-3-1-uruguay\/\" target=\"_blank\">LEER M\u00c1S: M\u00e9xico gana en su primer partido de Copa Am\u00e9rica<\/a><\/strong><\/span><\/p>\n<p><strong>Jurgen Damm<\/strong>, quien caus\u00f3 baja de la <a href=\"http:\/\/futboltotal.com.mx\/futbol-mexicano\/seleccion-mexicana\/\" target=\"_blank\"><strong>Selecci\u00f3n Mexicana<\/strong><\/a> para la Copa Am\u00e9rica 2016 por una molestia en la rodilla, tiene motivos para sonre\u00edr, pues m\u00e1s que una consolaci\u00f3n, lleg\u00f3 un trueque para \u00e9l, pues ya habr\u00eda firmado para jugar en la Bundesliga.<\/p>\n","protected":false},"excerpt":{"rendered":"<p>Afirman que el mexicano ya es jugador del Dortmund<\/p>\n","protected":false},"author":20,"featured_media":402102,"comment_status":"closed","ping_status":"closed","sticky":false,"template":"","format":"standard","meta":[],"categories":[3839,2198,5950],"tags":[1916],"_links":{"self":[{"href":"http:\/\/desarrollo.grupomedios.com\/futbol\/wp-json\/wp\/v2\/posts\/402101"}],"collection":[{"href":"http:\/\/desarrollo.grupomedios.com\/futbol\/wp-json\/wp\/v2\/posts"}],"about":[{"href":"http:\/\/desarrollo.grupomedios.com\/futbol\/wp-json\/wp\/v2\/types\/post"}],"author":[{"embeddable":true,"href":"http:\/\/desarrollo.grupomedios.com\/futbol\/wp-json\/wp\/v2\/users\/20"}],"replies":[{"embeddable":true,"href":"http:\/\/desarrollo.grupomedios.com\/futbol\/wp-json\/wp\/v2\/comments?post=402101"}],"version-history":[{"count":0,"href":"http:\/\/desarrollo.grupomedios.com\/futbol\/wp-json\/wp\/v2\/posts\/402101\/revisions"}],"wp:featuredmedia":[{"embeddable":true,"href":"http:\/\/desarrollo.grupomedios.com\/futbol\/wp-json\/wp\/v2\/media\/402102"}],"wp:attachment":[{"href":"http:\/\/desarrollo.grupomedios.com\/futbol\/wp-json\/wp\/v2\/media?parent=402101"}],"wp:term":[{"taxonomy":"category","embeddable":true,"href":"http:\/\/desarrollo.grupomedios.com\/futbol\/wp-json\/wp\/v2\/categories?post=402101"},{"taxonomy":"post_tag","embeddable":true,"href":"http:\/\/desarrollo.grupomedios.com\/futbol\/wp-json\/wp\/v2\/tags?post=402101"}],"curies":[{"name":"wp","href":"https:\/\/api.w.org\/{rel}","templated":true}]}}