{"id":402119,"date":"2016-06-06T07:55:25","date_gmt":"2016-06-06T13:55:25","guid":{"rendered":"http:\/\/www.futboltotal.com.mx\/?p=402119"},"modified":"2016-06-06T09:14:55","modified_gmt":"2016-06-06T15:14:55","slug":"dia-jorge-campos-evito-apocalipsis","status":"publish","type":"post","link":"http:\/\/desarrollo.grupomedios.com\/futbol\/videos\/dia-jorge-campos-evito-apocalipsis\/2016\/06","title":{"rendered":"El d\u00eda que Jorge Campos evit\u00f3 el Apocalipsis"},"content":{"rendered":"<p>Este lunes 6 de junio, el almanaque marca una fecha tenebrosa para los supersticiosos y religiosos, pues es el sexto d\u00eda del sexto mes del a\u00f1o 2016, un n\u00famero cabal\u00edstico y poco deseable para muchos, que en muchas ocasiones se relaciona con el <strong>Apocalipsis<\/strong>, por ello recordamos un video famoso de la d\u00e9cada de 1990, donde particip\u00f3 <strong>Jorge Campos<\/strong> con la \u00e9lite del futbol mundial, quienes en equipo, salvaron al mundo de ser dominado por demonios.<\/p>\n<p style=\"text-align: center;\"><span style=\"color: #3366ff;\"><strong><a style=\"color: #3366ff;\" href=\"http:\/\/www.futboltotal.com.mx\/2016\/06\/resultado-copa-america-mexico-3-1-uruguay\/\" target=\"_blank\">LEER M\u00c1S: El TRI inicia su camino con el pie derecho<\/a><\/strong><\/span><\/p>\n<p><iframe loading=\"lazy\" src=\"https:\/\/www.youtube.com\/embed\/FYEb6A6YfOg\" frameborder=\"0\" allowfullscreen=\"allowfullscreen\"><\/iframe><\/p>\n","protected":false},"excerpt":{"rendered":"<p>El calendario marca 6\/6\/6, y el Brody podr\u00eda ser la \u00faltima esperanza<\/p>\n","protected":false},"author":20,"featured_media":402120,"comment_status":"closed","ping_status":"closed","sticky":false,"template":"","format":"standard","meta":[],"categories":[5419,4,6433],"tags":[5460,2053],"_links":{"self":[{"href":"http:\/\/desarrollo.grupomedios.com\/futbol\/wp-json\/wp\/v2\/posts\/402119"}],"collection":[{"href":"http:\/\/desarrollo.grupomedios.com\/futbol\/wp-json\/wp\/v2\/posts"}],"about":[{"href":"http:\/\/desarrollo.grupomedios.com\/futbol\/wp-json\/wp\/v2\/types\/post"}],"author":[{"embeddable":true,"href":"http:\/\/desarrollo.grupomedios.com\/futbol\/wp-json\/wp\/v2\/users\/20"}],"replies":[{"embeddable":true,"href":"http:\/\/desarrollo.grupomedios.com\/futbol\/wp-json\/wp\/v2\/comments?post=402119"}],"version-history":[{"count":0,"href":"http:\/\/desarrollo.grupomedios.com\/futbol\/wp-json\/wp\/v2\/posts\/402119\/revisions"}],"wp:featuredmedia":[{"embeddable":true,"href":"http:\/\/desarrollo.grupomedios.com\/futbol\/wp-json\/wp\/v2\/media\/402120"}],"wp:attachment":[{"href":"http:\/\/desarrollo.grupomedios.com\/futbol\/wp-json\/wp\/v2\/media?parent=402119"}],"wp:term":[{"taxonomy":"category","embeddable":true,"href":"http:\/\/desarrollo.grupomedios.com\/futbol\/wp-json\/wp\/v2\/categories?post=402119"},{"taxonomy":"post_tag","embeddable":true,"href":"http:\/\/desarrollo.grupomedios.com\/futbol\/wp-json\/wp\/v2\/tags?post=402119"}],"curies":[{"name":"wp","href":"https:\/\/api.w.org\/{rel}","templated":true}]}}