{"id":402148,"date":"2016-06-06T13:45:46","date_gmt":"2016-06-06T19:45:46","guid":{"rendered":"http:\/\/www.futboltotal.com.mx\/?p=402148"},"modified":"2016-06-06T15:31:08","modified_gmt":"2016-06-06T21:31:08","slug":"chivas-se-quedaria-sin-draft-adeudos-a-jose-manuel-la-torre","status":"publish","type":"post","link":"http:\/\/desarrollo.grupomedios.com\/futbol\/futbol-mexicano\/chivas-se-quedaria-sin-draft-adeudos-a-jose-manuel-la-torre\/2016\/06","title":{"rendered":"Chepo dejar\u00eda a Chivas sin DRAFT"},"content":{"rendered":"<p>A un par de d\u00edas de la celebraci\u00f3n del R\u00e9gimen de Transferencias\u00a0de la Liga MX, a las\u00a0<strong><a href=\"http:\/\/www.futboltotal.com.mx\/equipos\/guadalajara\/\" target=\"_blank\">Chivas<\/a><\/strong><a href=\"http:\/\/www.futboltotal.com.mx\/equipos\/guadalajara\/\" target=\"_blank\">\u00a0de Guadalajara<\/a> les urge saldar deudas con <strong>Jos\u00e9 Manuel del Torre<\/strong>, a quien despidi\u00f3 en 2015. Y es que\u00a0si no resuelve su situaci\u00f3n con el <em>Chepo,<\/em> la instituci\u00f3n<em> rojiblanca<\/em> quedar\u00eda inhabilitada del <strong>DRAFT<\/strong>.<\/p>\n<p>De acuerdo a Enrique Bonilla, presidente de la Liga MX, cualquier equipo que tenga adeudos no podr\u00e1 participar en el <strong>DRAFT<\/strong>\u00a0del pr\u00f3ximo 8 de junio.<\/p>\n<p style=\"text-align: center;\"><span style=\"color: #3366ff;\"><strong><a style=\"color: #3366ff;\" href=\"http:\/\/www.futboltotal.com.mx\/2016\/06\/chiapas-mantendra-equipo-liga-mx\/\" target=\"_blank\">LEER M\u00c1S: El Jaguar se queda en Chiapas<\/a><\/strong><\/span><\/p>\n<p>&#8220;Ese es uno de los filtros los que hemos venido platicando desde la temporada pasada. Ya lleg\u00f3 el momento en que, el que quiera cerrar operaciones en el R\u00e9gimen de Transferencias, tendr\u00e1 que estar al d\u00eda con sus adeudos. Tienen que estar en ceros con jugadores, clubes y cuenta corriente y de no ser as\u00ed, no podr\u00e1n participar en el <strong>Draft<\/strong>&#8220;, se\u00f1al\u00f3 el dirigente.<\/p>\n<p>Sobre el tema de\u00a0<strong>Chivas<\/strong>, trasciende que si no resuelve el conflicton salarial con <strong>Jos\u00e9 Manuel de la Torre<\/strong>, los\u00a0fichajes\u00a0de\u00a0Marco Bueno y Jos\u00e9 Juan V\u00e1zquez se vendr\u00edan abajo. Esa misma problem\u00e1tica, fue la que evit\u00f3 que el <em>Chepo<\/em> pudiese ir al Toluca.<\/p>\n<p>Tras darse a conocer la noticia, Jos\u00e9 Luis Higuera, directivo del <em>Reba\u00f1o<\/em>,\u00a0se\u00f1al\u00f3 en Twitter que ya no hay adeudos con <strong>Jos\u00e9 Manuel de la Torre<\/strong>, por lo que <strong>Chivas<\/strong> s\u00ed participar\u00e1 en el <strong>DRAFT<\/strong>. Sin embargo, Enrique Bonilla insisti\u00f3 en conferencia de prensa, sobre los clubes que no han finiquitado sus problemas contractuales, adem\u00e1s de se\u00f1alar, que publicar\u00e1 la lista de quienes no est\u00e9n al corriente en alg\u00fan tipo de acuerdo econ\u00f3mico, para oficializar su baja del R\u00e9gimen.<\/p>\n<blockquote class=\"twitter-tweet\" data-lang=\"es\">\n<p dir=\"ltr\" lang=\"es\">Cualquier club con alg\u00fan adeudo con tesorer\u00edas, no podr\u00e1 participar en el R\u00e9gimen de Transferencias: Enrique Bonilla<\/p>\n<p>\u2014 LIGA Bancomer MX (@LIGABancomerMX) <a href=\"https:\/\/twitter.com\/LIGABancomerMX\/status\/739911731816726528\">6 de junio de 2016<\/a><\/p><\/blockquote>\n<p><script src=\"\/\/platform.twitter.com\/widgets.js\" async=\"\" charset=\"utf-8\"><\/script><\/p>\n","protected":false},"excerpt":{"rendered":"<p>Por adeudos al Chepo, el Reba\u00f1o podr\u00eda perder el fichaje del Gallito<\/p>\n","protected":false},"author":20,"featured_media":402149,"comment_status":"closed","ping_status":"closed","sticky":false,"template":"","format":"standard","meta":[],"categories":[2198,3845],"tags":[70,741],"_links":{"self":[{"href":"http:\/\/desarrollo.grupomedios.com\/futbol\/wp-json\/wp\/v2\/posts\/402148"}],"collection":[{"href":"http:\/\/desarrollo.grupomedios.com\/futbol\/wp-json\/wp\/v2\/posts"}],"about":[{"href":"http:\/\/desarrollo.grupomedios.com\/futbol\/wp-json\/wp\/v2\/types\/post"}],"author":[{"embeddable":true,"href":"http:\/\/desarrollo.grupomedios.com\/futbol\/wp-json\/wp\/v2\/users\/20"}],"replies":[{"embeddable":true,"href":"http:\/\/desarrollo.grupomedios.com\/futbol\/wp-json\/wp\/v2\/comments?post=402148"}],"version-history":[{"count":0,"href":"http:\/\/desarrollo.grupomedios.com\/futbol\/wp-json\/wp\/v2\/posts\/402148\/revisions"}],"wp:featuredmedia":[{"embeddable":true,"href":"http:\/\/desarrollo.grupomedios.com\/futbol\/wp-json\/wp\/v2\/media\/402149"}],"wp:attachment":[{"href":"http:\/\/desarrollo.grupomedios.com\/futbol\/wp-json\/wp\/v2\/media?parent=402148"}],"wp:term":[{"taxonomy":"category","embeddable":true,"href":"http:\/\/desarrollo.grupomedios.com\/futbol\/wp-json\/wp\/v2\/categories?post=402148"},{"taxonomy":"post_tag","embeddable":true,"href":"http:\/\/desarrollo.grupomedios.com\/futbol\/wp-json\/wp\/v2\/tags?post=402148"}],"curies":[{"name":"wp","href":"https:\/\/api.w.org\/{rel}","templated":true}]}}