{"id":402155,"date":"2016-06-06T10:45:19","date_gmt":"2016-06-06T16:45:19","guid":{"rendered":"http:\/\/www.futboltotal.com.mx\/?p=402155"},"modified":"2016-06-06T16:36:31","modified_gmt":"2016-06-06T22:36:31","slug":"grupo-pachuca-anuncia-la-compra-del-everton","status":"publish","type":"post","link":"http:\/\/desarrollo.grupomedios.com\/futbol\/futbol-mexicano\/grupo-pachuca-anuncia-la-compra-del-everton\/2016\/06","title":{"rendered":"Grupo Pachuca anuncia compra del Everton"},"content":{"rendered":"<p><strong>Grupo Pachuca<\/strong> anunci\u00f3 que adquiri\u00f3 el 80 por ciento de las acciones del club chileno <strong>Everton<\/strong>. En ese sentido, se agrega\u00a0que\u00a0el acuerdo se oficializar\u00eda\u00a0en los pr\u00f3ximos d\u00edas, luego de resolver todos los procesos administrativos.<\/p>\n<blockquote class=\"twitter-tweet\" data-lang=\"es\">\n<p dir=\"ltr\" lang=\"pt\">COMUNICADO OFICIAL: <a href=\"https:\/\/t.co\/aHcmwmUOoR\">pic.twitter.com\/aHcmwmUOoR<\/a><\/p>\n<p>\u2014 Club Pachuca (@Tuzos) <a href=\"https:\/\/twitter.com\/Tuzos\/status\/739850194926325760\">6 de junio de 2016<\/a><\/p><\/blockquote>\n<p><script src=\"\/\/platform.twitter.com\/widgets.js\" async=\"\" charset=\"utf-8\"><\/script><\/p>\n<p>En tanto, la directiva del\u00a0Everton de Vi\u00f1a del Mar, reci\u00e9n ascendido a la Primera Divisi\u00f3n de Chile,\u00a0tambi\u00e9n se pronunci\u00f3\u00a0al respecto:<\/p>\n<p><a href=\"http:\/\/www.futboltotal.com.mx\/2016\/06\/grupo-pachuca-anuncia-la-compra-del-everton\/comunicado-everton-grupo-pachuca\/\" rel=\"attachment wp-att-402160\"><img decoding=\"async\" loading=\"lazy\" class=\"aligncenter size-full wp-image-402160\" src=\"http:\/\/www.futboltotal.com.mx\/wp-content\/uploads\/2016\/06\/comunicado-everton-grupo-pachuca.jpg\" alt=\"comunicado-everton-grupo-pachuca\" srcset=\"http:\/\/desarrollo.grupomedios.com\/futbol\/wp-content\/uploads\/2016\/06\/comunicado-everton-grupo-pachuca.jpg 767w, http:\/\/desarrollo.grupomedios.com\/futbol\/wp-content\/uploads\/2016\/06\/comunicado-everton-grupo-pachuca-224x300.jpg 224w, http:\/\/desarrollo.grupomedios.com\/futbol\/wp-content\/uploads\/2016\/06\/comunicado-everton-grupo-pachuca-764x1024.jpg 764w\" sizes=\"(max-width: 767px) 100vw, 767px\" \/><\/a><\/p>\n<p><span style=\"color: #800000;\"><strong>Uno m\u00e1s de Primera<\/strong><\/span> | Por otra parte, este domingo,\u00a0Talleres de C\u00f3rdoba logr\u00f3 su ascenso a la Primera Divisi\u00f3n de Argentina tras derrotar 2-1 al conjunto de All Boys, con goles de Gonzalo Martin Klusener y Pablo Gui\u00f1az\u00fa.<\/p>\n<p>Talleres, que regresa al m\u00e1ximo circuito del balompi\u00e9 argentino luego de 12 a\u00f1os, forma parte del <strong>Grupo Pachuca<\/strong>, empresa que extendi\u00f3 sus horizontes hacia el lado sur del continente americano.<\/p>\n<p style=\"text-align: center;\"><strong><span style=\"color: #3366ff;\"><a style=\"color: #3366ff;\" href=\"http:\/\/www.futboltotal.com.mx\/2016\/05\/grandes-refuerzos-tuzos\/\">LEER M\u00c1S: Los grandes refuerzos del Pachuca<\/a><\/span><\/strong><\/p>\n<p>Uno de los principales objetivos de esta organizaci\u00f3n, en asociaci\u00f3n con Grupo Carso que encabeza el empresario mexicano Carlos Slim, ha sido el de adquirir a otros clubes en Sudam\u00e9rica para el desarrollo de talento y el crecimiento de las instituciones.<\/p>\n<p>&nbsp;<\/p>\n","protected":false},"excerpt":{"rendered":"<p>Adquiri\u00f3 el 80 por ciento de las acciones del club chileno<\/p>\n","protected":false},"author":20,"featured_media":402166,"comment_status":"closed","ping_status":"closed","sticky":false,"template":"","format":"standard","meta":[],"categories":[3839,2198,3845,5951],"tags":[2116,5968],"_links":{"self":[{"href":"http:\/\/desarrollo.grupomedios.com\/futbol\/wp-json\/wp\/v2\/posts\/402155"}],"collection":[{"href":"http:\/\/desarrollo.grupomedios.com\/futbol\/wp-json\/wp\/v2\/posts"}],"about":[{"href":"http:\/\/desarrollo.grupomedios.com\/futbol\/wp-json\/wp\/v2\/types\/post"}],"author":[{"embeddable":true,"href":"http:\/\/desarrollo.grupomedios.com\/futbol\/wp-json\/wp\/v2\/users\/20"}],"replies":[{"embeddable":true,"href":"http:\/\/desarrollo.grupomedios.com\/futbol\/wp-json\/wp\/v2\/comments?post=402155"}],"version-history":[{"count":0,"href":"http:\/\/desarrollo.grupomedios.com\/futbol\/wp-json\/wp\/v2\/posts\/402155\/revisions"}],"wp:featuredmedia":[{"embeddable":true,"href":"http:\/\/desarrollo.grupomedios.com\/futbol\/wp-json\/wp\/v2\/media\/402166"}],"wp:attachment":[{"href":"http:\/\/desarrollo.grupomedios.com\/futbol\/wp-json\/wp\/v2\/media?parent=402155"}],"wp:term":[{"taxonomy":"category","embeddable":true,"href":"http:\/\/desarrollo.grupomedios.com\/futbol\/wp-json\/wp\/v2\/categories?post=402155"},{"taxonomy":"post_tag","embeddable":true,"href":"http:\/\/desarrollo.grupomedios.com\/futbol\/wp-json\/wp\/v2\/tags?post=402155"}],"curies":[{"name":"wp","href":"https:\/\/api.w.org\/{rel}","templated":true}]}}