{"id":402162,"date":"2016-06-06T11:01:14","date_gmt":"2016-06-06T17:01:14","guid":{"rendered":"http:\/\/www.futboltotal.com.mx\/?p=402162"},"modified":"2016-06-06T11:06:12","modified_gmt":"2016-06-06T17:06:12","slug":"televisa-cambiaria-horario-america-contraatacar-a-chivas","status":"publish","type":"post","link":"http:\/\/desarrollo.grupomedios.com\/futbol\/destacado-home\/televisa-cambiaria-horario-america-contraatacar-a-chivas\/2016\/06","title":{"rendered":"\u00a1El imperio contraataca!"},"content":{"rendered":"<p>Al parecer, <strong>Televisa<\/strong> ya est\u00e1 a punto de poner en marcha su plan para contraatacar a Jorge Vergara y <a href=\"http:\/\/www.futboltotal.com.mx\/equipos\/guadalajara\/\" target=\"_blank\"><strong>Chivas<\/strong><\/a>, por no renovar contrato y querer innovar en una plataforma no usada por clubes de la Liga MX, pues cambiar\u00eda el horario de local del <a href=\"http:\/\/www.futboltotal.com.mx\/equipos\/america\/\" target=\"_blank\"><strong>Am\u00e9rica<\/strong><\/a>, para arruinar al <em>Reba\u00f1o Sagrado<\/em>.<\/p>\n<p>El nuevo horario del Am\u00e9rica ser\u00eda a las nueve de la noche de los s\u00e1bados, mismo en el que las <strong>Chivas<\/strong> ya habr\u00edan confirmado en que jugar\u00edan como local, a partir del Apertura 2016; con ello, <strong>Televisa<\/strong> dar\u00eda un duro golpe a Jorge Vergara, como represalia del fin de su relaci\u00f3n contractual.<\/p>\n<p style=\"text-align: center;\"><span style=\"color: #3366ff;\"><strong><a style=\"color: #3366ff;\" href=\"http:\/\/www.futboltotal.com.mx\/2016\/06\/chivas-se-quedaria-sin-draft-adeudos-a-jose-manuel-la-torre\/\" target=\"_blank\">LEER M\u00c1S: Chivas se quedar\u00eda sin Draft, por adeudos al Chepo<\/a><\/strong><\/span><\/p>\n<p>De acuero al diario <em>El Universal<\/em>, <strong>Televisa<\/strong> aprovechar\u00eda que los aficionados prefieren ver un partido en vivo por televisi\u00f3n abierta, en vez de estar buscando en internet y gastando tarifa para poder disfrutar de un juego de su equipo favorito. As\u00ed, el consorcio que lidera Emilio Azc\u00e1rraga Jean, tendr\u00eda su venganza asegurada.<\/p>\n","protected":false},"excerpt":{"rendered":"<p>Am\u00e9rica jugar\u00eda en el mismo horario que Chivas<\/p>\n","protected":false},"author":20,"featured_media":402164,"comment_status":"closed","ping_status":"closed","sticky":false,"template":"","format":"standard","meta":[],"categories":[5419,5,2198,3845],"tags":[5959,70,4722],"_links":{"self":[{"href":"http:\/\/desarrollo.grupomedios.com\/futbol\/wp-json\/wp\/v2\/posts\/402162"}],"collection":[{"href":"http:\/\/desarrollo.grupomedios.com\/futbol\/wp-json\/wp\/v2\/posts"}],"about":[{"href":"http:\/\/desarrollo.grupomedios.com\/futbol\/wp-json\/wp\/v2\/types\/post"}],"author":[{"embeddable":true,"href":"http:\/\/desarrollo.grupomedios.com\/futbol\/wp-json\/wp\/v2\/users\/20"}],"replies":[{"embeddable":true,"href":"http:\/\/desarrollo.grupomedios.com\/futbol\/wp-json\/wp\/v2\/comments?post=402162"}],"version-history":[{"count":0,"href":"http:\/\/desarrollo.grupomedios.com\/futbol\/wp-json\/wp\/v2\/posts\/402162\/revisions"}],"wp:featuredmedia":[{"embeddable":true,"href":"http:\/\/desarrollo.grupomedios.com\/futbol\/wp-json\/wp\/v2\/media\/402164"}],"wp:attachment":[{"href":"http:\/\/desarrollo.grupomedios.com\/futbol\/wp-json\/wp\/v2\/media?parent=402162"}],"wp:term":[{"taxonomy":"category","embeddable":true,"href":"http:\/\/desarrollo.grupomedios.com\/futbol\/wp-json\/wp\/v2\/categories?post=402162"},{"taxonomy":"post_tag","embeddable":true,"href":"http:\/\/desarrollo.grupomedios.com\/futbol\/wp-json\/wp\/v2\/tags?post=402162"}],"curies":[{"name":"wp","href":"https:\/\/api.w.org\/{rel}","templated":true}]}}