{"id":402197,"date":"2016-06-06T13:15:56","date_gmt":"2016-06-06T19:15:56","guid":{"rendered":"http:\/\/www.futboltotal.com.mx\/?p=402197"},"modified":"2016-06-06T13:15:56","modified_gmt":"2016-06-06T19:15:56","slug":"keylor-navas-sera-operado-del-talon-izquierdo","status":"publish","type":"post","link":"http:\/\/desarrollo.grupomedios.com\/futbol\/futbol-internacional\/keylor-navas-sera-operado-del-talon-izquierdo\/2016\/06","title":{"rendered":"Keylor Navas no pudo evitar el quir\u00f3fano"},"content":{"rendered":"<p>El portero costarricense\u00a0<strong>Keylor Navas<\/strong>\u00a0ser\u00e1 intervenido este jueves de la lesi\u00f3n que padece en el tend\u00f3n de Aquiles izquierdo, la cual le fue diagnosticada la semana pasada tras someterse a pruebas m\u00e9dicas con el club Real Madrid.<\/p>\n<p>Durante el pasado fin de semana, el costarricense viaj\u00f3 a \u00c1msterdam para ser valorado tras quedar fuera de la Copa Am\u00e9rica a causa de una &#8220;tendinopat\u00eca aquilea&#8221; y el tratamiento no es otro que la cirug\u00eda. Aunque en principio <strong>Navas <\/strong>intent\u00f3 recurrir al tratamiento, tal y como lo hizo en la v\u00edspera de la pasada Copa Oro, esta vez no fue posible pues la lesi\u00f3n es te tipo cr\u00f3nico y es necesario que sea intervenido.<\/p>\n<p style=\"text-align: center;\"><span style=\"color: #3366ff;\"><strong><a style=\"color: #3366ff;\" href=\"http:\/\/www.futboltotal.com.mx\/futbol-internacional\/\">LEER M\u00c1S: Todas las noticias de futbol internacional<\/a><\/strong><\/span><\/p>\n<p>&#8220;Se ha tomado la decisi\u00f3n de realizar al jugador una endoscopia m\u00ednimamente invasiva en el tal\u00f3n izquierdo. La intervenci\u00f3n se llevar\u00e1 a cabo el pr\u00f3ximo 9 de junio en Madrid por parte de los doctores Van Dijk, Pedro Luis Ripoll y Mariano de Prado, bajo la supervisi\u00f3n de los Servicios M\u00e9dicos del Real Madrid Sanitas&#8221;, cita el parte m\u00e9dico emitido por el club blanco.<\/p>\n<p>Tras ser operado,\u00a0<strong>Keylor Navas<\/strong> tendr\u00e1 que someterse a un largo proceso de rehabilitaci\u00f3n que quiz\u00e1 le impida llegar a tiempo para disputar la pretemporada con el Real Madrid el pr\u00f3ximo mes de julio. El conjunto blanco echar\u00e1 mano del arquero Kiko Casilla para solventar la serie de compromisos que haya en el verano.<\/p>\n<p>&nbsp;<\/p>\n<p>&nbsp;<\/p>\n","protected":false},"excerpt":{"rendered":"<p>El arquero del Real Madrid sufre una lesi\u00f3n cr\u00f3nica en el tal\u00f3n izquierdo <\/p>\n","protected":false},"author":20,"featured_media":402198,"comment_status":"closed","ping_status":"closed","sticky":false,"template":"","format":"standard","meta":[],"categories":[3839,3844,5951],"tags":[5590,5988],"_links":{"self":[{"href":"http:\/\/desarrollo.grupomedios.com\/futbol\/wp-json\/wp\/v2\/posts\/402197"}],"collection":[{"href":"http:\/\/desarrollo.grupomedios.com\/futbol\/wp-json\/wp\/v2\/posts"}],"about":[{"href":"http:\/\/desarrollo.grupomedios.com\/futbol\/wp-json\/wp\/v2\/types\/post"}],"author":[{"embeddable":true,"href":"http:\/\/desarrollo.grupomedios.com\/futbol\/wp-json\/wp\/v2\/users\/20"}],"replies":[{"embeddable":true,"href":"http:\/\/desarrollo.grupomedios.com\/futbol\/wp-json\/wp\/v2\/comments?post=402197"}],"version-history":[{"count":0,"href":"http:\/\/desarrollo.grupomedios.com\/futbol\/wp-json\/wp\/v2\/posts\/402197\/revisions"}],"wp:featuredmedia":[{"embeddable":true,"href":"http:\/\/desarrollo.grupomedios.com\/futbol\/wp-json\/wp\/v2\/media\/402198"}],"wp:attachment":[{"href":"http:\/\/desarrollo.grupomedios.com\/futbol\/wp-json\/wp\/v2\/media?parent=402197"}],"wp:term":[{"taxonomy":"category","embeddable":true,"href":"http:\/\/desarrollo.grupomedios.com\/futbol\/wp-json\/wp\/v2\/categories?post=402197"},{"taxonomy":"post_tag","embeddable":true,"href":"http:\/\/desarrollo.grupomedios.com\/futbol\/wp-json\/wp\/v2\/tags?post=402197"}],"curies":[{"name":"wp","href":"https:\/\/api.w.org\/{rel}","templated":true}]}}