{"id":402203,"date":"2016-06-06T13:46:12","date_gmt":"2016-06-06T19:46:12","guid":{"rendered":"http:\/\/www.futboltotal.com.mx\/?p=402203"},"modified":"2016-06-06T14:24:49","modified_gmt":"2016-06-06T20:24:49","slug":"sorpresiva-lista-transferibles-pumas","status":"publish","type":"post","link":"http:\/\/desarrollo.grupomedios.com\/futbol\/destacado-home\/sorpresiva-lista-transferibles-pumas\/2016\/06","title":{"rendered":"Sorpresiva lista de transferibles de Pumas"},"content":{"rendered":"<p>En los \u00faltimos minutos se dio a conocer la aparente <strong>lista de transferibles<\/strong> de los <strong>Pumas <\/strong>de la UNAM. Y en la n\u00f3mina, que a\u00fan no ha sido oficializada por el cuadro universitario, destaca la presencia de Alejandro Palacios, quien en los \u00faltimos torneos ha sido uno de los m\u00e1ximos referentes de los <em>felinos<\/em>.<\/p>\n<p>La presumible lista de transferibles de los <strong>Pumas<\/strong> la completan: Marco Palacios, el otro <em>Pikol\u00edn <\/em>y quien lleva un semestre inactivo, <em>Hachita<\/em> Ludue\u00f1a, David Cabrera, Marcelo Alatorre, Dante L\u00f3pez y Jonathan Ramis.<\/p>\n<p style=\"text-align: center;\"><span style=\"color: #3366ff;\"><strong><a style=\"color: #3366ff;\" href=\"http:\/\/www.futboltotal.com.mx\/2016\/06\/johan-arango-remplazo-ismael-sosa-en-pumas\/\">LEER M\u00c1S: Johan Arango, \u00bfremplazo de Ismael Sosa?<\/a><\/strong><\/span><\/p>\n<p>Sobre los <em>Pikolines<\/em>, <em>Hachita<\/em>, Cabrera y Alatorre, se apunta que estar\u00eda dentro de los <strong>transferibles<\/strong> jugadores estar\u00edan fuera debido a dos razones: la apremiante situaci\u00f3n econ\u00f3mica por la que atraviesan los <strong>Pumas<\/strong> y por el hecho de que Francisco Palencia tiene la misi\u00f3n (\u00bfobligaci\u00f3n?) de explotar la cantera universitaria.<\/p>\n<p>En tanto, sobre Dante L\u00f3pez y Jonathan Ramis, se especula que los delanteros no entran en planes del nuevo cuerpo t\u00e9cnico.<\/p>\n<p style=\"text-align: center;\"><span style=\"color: #3366ff;\"><strong><a style=\"color: #3366ff;\" href=\"http:\/\/www.futboltotal.com.mx\/2016\/06\/futbol-estufa-rumbo-al-apertura-2016-altas-bajas-rumores\/\">LEER M\u00c1S: FUTBOL DE ESTUFA | Rumbo al Apertura 2016<\/a><\/strong><\/span><\/p>\n<p>El R\u00e9gimen de Transferencias de la Liga MX se desarrollar\u00e1 el pr\u00f3ximo mi\u00e9rcoles, escenario donde se dar\u00e1 a conocer el futuro de <em>Pikol\u00edn<\/em> y compa\u00f1\u00eda.<\/p>\n","protected":false},"excerpt":{"rendered":"<p>Alejandro Palacios, entre los candidatos a salir del equipo<\/p>\n","protected":false},"author":20,"featured_media":402206,"comment_status":"closed","ping_status":"closed","sticky":false,"template":"","format":"standard","meta":[],"categories":[5,2198,3845],"tags":[3749,74],"_links":{"self":[{"href":"http:\/\/desarrollo.grupomedios.com\/futbol\/wp-json\/wp\/v2\/posts\/402203"}],"collection":[{"href":"http:\/\/desarrollo.grupomedios.com\/futbol\/wp-json\/wp\/v2\/posts"}],"about":[{"href":"http:\/\/desarrollo.grupomedios.com\/futbol\/wp-json\/wp\/v2\/types\/post"}],"author":[{"embeddable":true,"href":"http:\/\/desarrollo.grupomedios.com\/futbol\/wp-json\/wp\/v2\/users\/20"}],"replies":[{"embeddable":true,"href":"http:\/\/desarrollo.grupomedios.com\/futbol\/wp-json\/wp\/v2\/comments?post=402203"}],"version-history":[{"count":0,"href":"http:\/\/desarrollo.grupomedios.com\/futbol\/wp-json\/wp\/v2\/posts\/402203\/revisions"}],"wp:featuredmedia":[{"embeddable":true,"href":"http:\/\/desarrollo.grupomedios.com\/futbol\/wp-json\/wp\/v2\/media\/402206"}],"wp:attachment":[{"href":"http:\/\/desarrollo.grupomedios.com\/futbol\/wp-json\/wp\/v2\/media?parent=402203"}],"wp:term":[{"taxonomy":"category","embeddable":true,"href":"http:\/\/desarrollo.grupomedios.com\/futbol\/wp-json\/wp\/v2\/categories?post=402203"},{"taxonomy":"post_tag","embeddable":true,"href":"http:\/\/desarrollo.grupomedios.com\/futbol\/wp-json\/wp\/v2\/tags?post=402203"}],"curies":[{"name":"wp","href":"https:\/\/api.w.org\/{rel}","templated":true}]}}