{"id":402233,"date":"2016-06-06T15:27:49","date_gmt":"2016-06-06T21:27:49","guid":{"rendered":"http:\/\/www.futboltotal.com.mx\/?p=402233"},"modified":"2016-06-07T10:44:24","modified_gmt":"2016-06-07T16:44:24","slug":"oficial-chivas-participara-en-draft","status":"publish","type":"post","link":"http:\/\/desarrollo.grupomedios.com\/futbol\/futbol-mexicano\/oficial-chivas-participara-en-draft\/2016\/06","title":{"rendered":"\u00a1Chivas s\u00ed dio el cover para el DRAFT!"},"content":{"rendered":"<p>Enrique Bonilla, presidente de la Liga MX, declar\u00f3 que la situaci\u00f3n de <strong><a href=\"http:\/\/www.futboltotal.com.mx\/equipos\/guadalajara\/\" target=\"_blank\">Chivas<\/a><\/strong> fue un malentendido, pues el conjunto rojiblanco ya resolvi\u00f3 la situaci\u00f3n de sus adeudos con <a href=\"http:\/\/www.futboltotal.com.mx\/2016\/06\/chivas-se-quedaria-sin-draft-adeudos-a-jose-manuel-la-torre\/\" target=\"_blank\">Jos\u00e9 Manuel de la Torre<\/a>, as\u00ed que no tendr\u00e1 inconveniente para participar en el Draft 2016.<\/p>\n<p>&#8220;Lo\u00a0del se\u00f1or jos\u00e9 Manuel de la Torre\u00a0y <strong>Chivas<\/strong> ha sido un malentendido, parece que ya est\u00e1 claro c\u00f3mo se le har\u00e1 en el \u00faltimo pago de la cantidad que queda pendiente, que es menor&#8221;, declar\u00f3 Enrique Bonilla, en conferencia de prensa.<\/p>\n<p style=\"text-align: center;\"><span style=\"color: #3366ff;\"><strong><a style=\"color: #3366ff;\" href=\"http:\/\/www.futboltotal.com.mx\/2016\/06\/liga-mx-se-jugaria-17-equipos\/\" target=\"_blank\">LEER M\u00c1S: Liga MX, se jugar\u00eda con 17 equipos<\/a><\/strong><\/span><\/p>\n<p>Con la confirmaci\u00f3n de la participaci\u00f3n de <strong>Chivas<\/strong> en el Draft, los fichajes que el cuadro tapat\u00edo ya hab\u00eda oficializado, se mantienen en pie, as\u00ed que ahora el conjunto <em>rojiblanco<\/em> se enfilar\u00e1 en busca de hacer m\u00e1s fuerte su plantilla durante el R\u00e9gimen de Transferencias.<\/p>\n<p>Sin embargo, el funcionario aclar\u00f3 que la advertencia sobre adeudos sigue en pie, pero ahora ya s\u00f3lo se mantiene hacia Chiapas, quien a\u00fan debe pagos a sus futbolistas, quien no cambiar\u00e1 de sede, por lo tanto, s\u00f3lo quedar\u00eda una opci\u00f3n: la suspensi\u00f3n del equipo y reducci\u00f3n de participantes.<\/p>\n","protected":false},"excerpt":{"rendered":"<p>Bonilla confirm\u00f3 la participaci\u00f3n del Reba\u00f1o en R\u00e9gimen de Transferencias<\/p>\n","protected":false},"author":20,"featured_media":402234,"comment_status":"closed","ping_status":"closed","sticky":false,"template":"","format":"standard","meta":[],"categories":[2198,3845,5950],"tags":[],"_links":{"self":[{"href":"http:\/\/desarrollo.grupomedios.com\/futbol\/wp-json\/wp\/v2\/posts\/402233"}],"collection":[{"href":"http:\/\/desarrollo.grupomedios.com\/futbol\/wp-json\/wp\/v2\/posts"}],"about":[{"href":"http:\/\/desarrollo.grupomedios.com\/futbol\/wp-json\/wp\/v2\/types\/post"}],"author":[{"embeddable":true,"href":"http:\/\/desarrollo.grupomedios.com\/futbol\/wp-json\/wp\/v2\/users\/20"}],"replies":[{"embeddable":true,"href":"http:\/\/desarrollo.grupomedios.com\/futbol\/wp-json\/wp\/v2\/comments?post=402233"}],"version-history":[{"count":0,"href":"http:\/\/desarrollo.grupomedios.com\/futbol\/wp-json\/wp\/v2\/posts\/402233\/revisions"}],"wp:featuredmedia":[{"embeddable":true,"href":"http:\/\/desarrollo.grupomedios.com\/futbol\/wp-json\/wp\/v2\/media\/402234"}],"wp:attachment":[{"href":"http:\/\/desarrollo.grupomedios.com\/futbol\/wp-json\/wp\/v2\/media?parent=402233"}],"wp:term":[{"taxonomy":"category","embeddable":true,"href":"http:\/\/desarrollo.grupomedios.com\/futbol\/wp-json\/wp\/v2\/categories?post=402233"},{"taxonomy":"post_tag","embeddable":true,"href":"http:\/\/desarrollo.grupomedios.com\/futbol\/wp-json\/wp\/v2\/tags?post=402233"}],"curies":[{"name":"wp","href":"https:\/\/api.w.org\/{rel}","templated":true}]}}